{"id":385954,"date":"2025-09-12T18:45:21","date_gmt":"2025-09-12T18:45:21","guid":{"rendered":"https:\/\/www.europesays.com\/fr\/385954\/"},"modified":"2025-09-12T18:45:21","modified_gmt":"2025-09-12T18:45:21","slug":"ligue-1-rennes-ol-encore-un-gros-contingent-lyonnais-attendu-au-roazhon-park","status":"publish","type":"post","link":"https:\/\/www.europesays.com\/fr\/385954\/","title":{"rendered":"Ligue 1. Rennes &#8211; OL\u00a0: encore un gros contingent lyonnais attendu au Roazhon Park"},"content":{"rendered":"<p>S\u00e9duisant sur le terrain, l\u2019OL b\u00e9n\u00e9ficie aussi d\u2019un soutien magistral loin de ses bases, en ce d\u00e9but de saison. Lors de la premi\u00e8re journ\u00e9e au stade Bollaert, <a href=\"https:\/\/www.leprogres.fr\/sport\/2025\/08\/11\/1000-supporters-lyonnais-soutiendront-l-ol-a-lens-l-espace-visiteurs-complet\" target=\"_blank\" rel=\"noopener\">pr\u00e8s d\u2019un millier de supporters lyonnais<\/a> avaient fait le d\u00e9placement en parcage.<\/p>\n<p>Le deuxi\u00e8me voyage de la saison verra \u00e0 nouveau l\u2019OL appuy\u00e9 par un gros contingent au Roazhon Park dimanche. Environ 900 supporters sont attendus en Bretagne pour ce match en \u00ab\u00a0prime time\u00a0\u00bb , en cl\u00f4ture de la 4e\u00a0 journ\u00e9e.<\/p>\n","protected":false},"excerpt":{"rendered":"S\u00e9duisant sur le terrain, l\u2019OL b\u00e9n\u00e9ficie aussi d\u2019un soutien magistral loin de ses bases, en ce d\u00e9but de&hellip;\n","protected":false},"author":2,"featured_media":385955,"comment_status":"","ping_status":"","sticky":false,"template":"","format":"standard","meta":{"footnotes":""},"categories":[2821],"tags":[1111,11,829,2757,1777,674,63,1011,27,2428,2756,12,2755,584,25,517],"class_list":{"0":"post-385954","1":"post","2":"type-post","3":"status-publish","4":"format-standard","5":"has-post-thumbnail","7":"category-rennes","8":"tag-actu","9":"tag-actualites","10":"tag-bretagne","11":"tag-edition-lyon-villeurbanne","12":"tag-eu","13":"tag-europe","14":"tag-football","15":"tag-fr","16":"tag-france","17":"tag-lyon","18":"tag-lyon-bassin","19":"tag-news","20":"tag-ol-olympique-lyonnais-football","21":"tag-rennes","22":"tag-republique-francaise","23":"tag-sport"},"share_on_mastodon":{"url":"https:\/\/pubeurope.com\/@fr\/115192812505837636","error":""},"_links":{"self":[{"href":"https:\/\/www.europesays.com\/fr\/wp-json\/wp\/v2\/posts\/385954","targetHints":{"allow":["GET"]}}],"collection":[{"href":"https:\/\/www.europesays.com\/fr\/wp-json\/wp\/v2\/posts"}],"about":[{"href":"https:\/\/www.europesays.com\/fr\/wp-json\/wp\/v2\/types\/post"}],"author":[{"embeddable":true,"href":"https:\/\/www.europesays.com\/fr\/wp-json\/wp\/v2\/users\/2"}],"replies":[{"embeddable":true,"href":"https:\/\/www.europesays.com\/fr\/wp-json\/wp\/v2\/comments?post=385954"}],"version-history":[{"count":0,"href":"https:\/\/www.europesays.com\/fr\/wp-json\/wp\/v2\/posts\/385954\/revisions"}],"wp:featuredmedia":[{"embeddable":true,"href":"https:\/\/www.europesays.com\/fr\/wp-json\/wp\/v2\/media\/385955"}],"wp:attachment":[{"href":"https:\/\/www.europesays.com\/fr\/wp-json\/wp\/v2\/media?parent=385954"}],"wp:term":[{"taxonomy":"category","embeddable":true,"href":"https:\/\/www.europesays.com\/fr\/wp-json\/wp\/v2\/categories?post=385954"},{"taxonomy":"post_tag","embeddable":true,"href":"https:\/\/www.europesays.com\/fr\/wp-json\/wp\/v2\/tags?post=385954"}],"curies":[{"name":"wp","href":"https:\/\/api.w.org\/{rel}","templated":true}]}}