{"id":385956,"date":"2025-09-12T18:46:12","date_gmt":"2025-09-12T18:46:12","guid":{"rendered":"https:\/\/www.europesays.com\/fr\/385956\/"},"modified":"2025-09-12T18:46:12","modified_gmt":"2025-09-12T18:46:12","slug":"des-avocats-denoncent-le-silence-de-la-cedh","status":"publish","type":"post","link":"https:\/\/www.europesays.com\/fr\/385956\/","title":{"rendered":"des avocats d\u00e9noncent le silence de la CEDH"},"content":{"rendered":"<p>\u00c0 quelques jours du cinqui\u00e8me anniversaire du <a href=\"https:\/\/www.dna.fr\/faits-divers-justice\/2020\/09\/07\/strasbourg-les-avocats-rendent-hommage-a-leur-consoeur-turque-morte-en-detention\" target=\"_blank\" rel=\"nofollow noopener\">d\u00e9c\u00e8s en prison de l\u2019avocate turque Ebru Timtik, le 27\u00a0ao\u00fbt 2020, apr\u00e8s sept mois de gr\u00e8ve de la faim<\/a> , l\u2019association des Avocats europ\u00e9ens d\u00e9mocrates (*), a d\u00e9plor\u00e9 ce vendredi, lors d\u2019une conf\u00e9rence de presse \u00e0 Strasbourg, l\u2019inaction de la <a href=\"https:\/\/www.dna.fr\/faits-divers-justice\/2025\/09\/12\/politique\/2019\/01\/25\/la-cour-de-strasbourg-a-60-ans\" target=\"_blank\" rel=\"nofollow noopener\">CEDH<\/a> face aux nombreuses requ\u00eates \u00e9manant de confr\u00e8res turcs plac\u00e9s, selon elle, \u00aben d\u00e9tention arbitraire\u00bb.<\/p>\n<p>\u00ab\u00a0Il y en a une cinquantaine dont certaines d\u00e9pos\u00e9es voil\u00e0 dix ans qui n\u2019ont toujours pas \u00e9t\u00e9 communiqu\u00e9es au gouvernement d\u2019Ankara. Cela repr\u00e9sente plusieurs dizaines d\u2019avocats, parmi lesquels les confr\u00e8res de l\u2019association turque CHD et ceux du HHB. M\u00eame si la Cour est encombr\u00e9e, leurs cas connaissent visiblement des d\u00e9lais d\u2019instruction exorbitant\u00a0\u00bb, a d\u00e9nonc\u00e9 Gregory Thuan dit Dieudonn\u00e9, membre du <a href=\"https:\/\/www.dna.fr\/faits-divers-justice\/2025\/09\/12\/faits-divers-justice\/2023\/12\/06\/l-ordre-des-avocats-fete-ses-200-ans\" target=\"_blank\" rel=\"nofollow noopener\">Conseil de l\u2019ordre des avocats du barreau de Strasbourg<\/a>. Selon lui, \u00ab\u00a0ce retard va \u00e0 l\u2019encontre des principes \u00e9tablis par la Cour elle-m\u00eame concernant l\u2019imp\u00e9ratif d\u2019une justice rapide, en particulier lorsque les droits fondamentaux sont attaqu\u00e9s\u00a0\u00bb.<\/p>\n<p>  \u00ab\u00a0L\u2019\u00c9tat de droit s\u2019\u00e9rode de mani\u00e8re syst\u00e9mique en Turquie\u00a0\u00bb<\/p>\n<p>\u00ab\u00a0Voil\u00e0 des ann\u00e9es que l\u2019exercice de la profession d\u2019avocat, notamment dans les dossiers politiques, est difficile en Turquie. <a href=\"https:\/\/www.dna.fr\/faits-divers-justice\/2025\/09\/12\/actualite\/2016\/07\/17\/erdogan-sort-renforce-du-coup-d-etat-rate\" target=\"_blank\" rel=\"nofollow noopener\">Depuis le coup d\u2019\u00c9tat rat\u00e9 de 2016<\/a> , la liste des d\u00e9fenseurs des droits de l\u2019homme, de journalistes, d\u2019universitaires, de magistrats et d\u2019avocats, arr\u00eat\u00e9s sous couvert de la l\u00e9gislation antiterroriste et emprisonn\u00e9s sur la base d\u2019accusations infond\u00e9es et de proc\u00e9dures manifestement in\u00e9quitables, n\u2019a cess\u00e9 de s\u2019allonger\u00a0\u00bb, ont au pr\u00e9alable expliqu\u00e9 Me Juan Prosper, copr\u00e9sident d\u2019AED, et Me Richard S\u00e9dillot, membre de D\u00e9fense sans fronti\u00e8res-Avocats solidaires.<\/p>\n<p>\u00ab\u00a0L\u2019\u00c9tat de droit s\u2019\u00e9rode de mani\u00e8re syst\u00e9mique en Turquie\u00a0\u00bb, ont-ils par ailleurs alert\u00e9, en se basant sur <a href=\"https:\/\/www.coe.int\/fr\/web\/commissioner\/-\/t%C3%BCrkiye-reverse-a-critically-hostile-environment-for-freedom-of-expression-and-for-journalists-human-rights-defenders-and-civil-society\" target=\"_blank\" rel=\"nofollow noopener\">le dernier m\u00e9morandum du Commissaire aux droits de l\u2019Homme du Conseil de l\u2019Europe<\/a> et plusieurs rapports r\u00e9cents des Nations Unies.<\/p>\n<p>  Soutien aux confr\u00e8res turcs<\/p>\n<p>En guise de soutien aux confr\u00e8res turcs emprisonn\u00e9s, les trois avocats, rejoints en vid\u00e9o par Laurence Roques, membre du conseil national fran\u00e7ais des barreaux, ont rendu public <a href=\"https:\/\/www.aeud.org\/endangered%20lawyers\" target=\"_blank\" rel=\"nofollow noopener\">une d\u00e9claration adress\u00e9e \u00e0 la CEDH<\/a> et \u00e0 <a href=\"https:\/\/www.dna.fr\/faits-divers-justice\/2025\/04\/28\/un-juge-francais-elu-president-de-la-cour-europeenne-des-droits-de-l-homme\" target=\"_blank\" rel=\"nofollow noopener\">son nouveau pr\u00e9sident, le juge fran\u00e7ais Mattias Guyomar.<\/a><\/p>\n<p>Sign\u00e9e par le Syndicat des avocats de France et quatorze autres associations internationales d\u2019avocats, dont le barreau de New-York, celle-ci estime que l\u2019inaction prolong\u00e9e de la Cour encourage les autorit\u00e9s turques \u00e0 poursuivre la r\u00e9pression et qu\u2019elle \u00ab\u00a0sape le m\u00e9canisme europ\u00e9en de protection des droits de l\u2019Homme\u00a0\u00bb.<\/p>\n<p>Les signataires pressent donc la Cour d\u2019acc\u00e9l\u00e9rer \u00ab\u00a0sans attendre\u00a0\u00bb l\u2019examen des cas concern\u00e9s, \u00ab\u00a0en pronon\u00e7ant des mesures provisoires si n\u00e9cessaire\u00a0\u00bb. Il y va, insistent-ils, \u00ab\u00a0de sa cr\u00e9dibilit\u00e9 et du sort d\u2019innombrables victimes\u00a0\u00bb.<\/p>\n<p>(*) Bas\u00e9e \u00e0 Colmar depuis sa fondation en 1987, l\u2019association AED agit pour d\u00e9fendre les droits de la profession et son ind\u00e9pendance. Elle regroupe des syndicats d\u2019avocats de six pays europ\u00e9ens.<\/p>\n","protected":false},"excerpt":{"rendered":"\u00c0 quelques jours du cinqui\u00e8me anniversaire du d\u00e9c\u00e8s en prison de l\u2019avocate turque Ebru Timtik, le 27\u00a0ao\u00fbt 2020,&hellip;\n","protected":false},"author":2,"featured_media":385957,"comment_status":"","ping_status":"","sticky":false,"template":"","format":"standard","meta":{"footnotes":""},"categories":[2820],"tags":[1111,11,2389,2649,2880,1777,674,274,107,1011,27,775,12,25,640,2879],"class_list":{"0":"post-385956","1":"post","2":"type-post","3":"status-publish","4":"format-standard","5":"has-post-thumbnail","7":"category-strasbourg","8":"tag-actu","9":"tag-actualites","10":"tag-alsace","11":"tag-bas-rhin","12":"tag-edition-strasbourg","13":"tag-eu","14":"tag-europe","15":"tag-faits-divers-justice","16":"tag-fil-info","17":"tag-fr","18":"tag-france","19":"tag-grand-est","20":"tag-news","21":"tag-republique-francaise","22":"tag-strasbourg","23":"tag-strasbourg-ville"},"share_on_mastodon":{"url":"https:\/\/pubeurope.com\/@fr\/115192816153118785","error":""},"_links":{"self":[{"href":"https:\/\/www.europesays.com\/fr\/wp-json\/wp\/v2\/posts\/385956","targetHints":{"allow":["GET"]}}],"collection":[{"href":"https:\/\/www.europesays.com\/fr\/wp-json\/wp\/v2\/posts"}],"about":[{"href":"https:\/\/www.europesays.com\/fr\/wp-json\/wp\/v2\/types\/post"}],"author":[{"embeddable":true,"href":"https:\/\/www.europesays.com\/fr\/wp-json\/wp\/v2\/users\/2"}],"replies":[{"embeddable":true,"href":"https:\/\/www.europesays.com\/fr\/wp-json\/wp\/v2\/comments?post=385956"}],"version-history":[{"count":0,"href":"https:\/\/www.europesays.com\/fr\/wp-json\/wp\/v2\/posts\/385956\/revisions"}],"wp:featuredmedia":[{"embeddable":true,"href":"https:\/\/www.europesays.com\/fr\/wp-json\/wp\/v2\/media\/385957"}],"wp:attachment":[{"href":"https:\/\/www.europesays.com\/fr\/wp-json\/wp\/v2\/media?parent=385956"}],"wp:term":[{"taxonomy":"category","embeddable":true,"href":"https:\/\/www.europesays.com\/fr\/wp-json\/wp\/v2\/categories?post=385956"},{"taxonomy":"post_tag","embeddable":true,"href":"https:\/\/www.europesays.com\/fr\/wp-json\/wp\/v2\/tags?post=385956"}],"curies":[{"name":"wp","href":"https:\/\/api.w.org\/{rel}","templated":true}]}}