{"id":385958,"date":"2025-09-12T18:47:14","date_gmt":"2025-09-12T18:47:14","guid":{"rendered":"https:\/\/www.europesays.com\/fr\/385958\/"},"modified":"2025-09-12T18:47:14","modified_gmt":"2025-09-12T18:47:14","slug":"golf-le-golf-club-de-strasbourg-fete-ses-90-ans-ce-samedi","status":"publish","type":"post","link":"https:\/\/www.europesays.com\/fr\/385958\/","title":{"rendered":"Golf. Le Golf Club de Strasbourg f\u00eate ses 90 ans ce samedi"},"content":{"rendered":"<p>L\u2019id\u00e9e d\u2019un golf en Alsace remonte \u00e0 1924, avec un premier parcours inaugur\u00e9 \u00e0 S\u00e9lestat en 1926. Le v\u00e9ritable essor intervient en 1935, avec la fondation du Golf Club de Strasbourg et son installation \u00e0 Illkirch, o\u00f9 il est toujours implant\u00e9.<\/p>\n<p>Au fil des d\u00e9cennies, ses installations se sont d\u00e9velopp\u00e9es pour proposer aujourd\u2019hui un site de 27 trous (trois parcours de neuf trous), avec un vaste practice et plusieurs zones d\u2019entra\u00eenement.<\/p>\n<p>Le Golf Club de Strasbourg se distingue par la richesse de sa vie&#8230;<\/p>\n","protected":false},"excerpt":{"rendered":"L\u2019id\u00e9e d\u2019un golf en Alsace remonte \u00e0 1924, avec un premier parcours inaugur\u00e9 \u00e0 S\u00e9lestat en 1926. Le&hellip;\n","protected":false},"author":2,"featured_media":385959,"comment_status":"","ping_status":"","sticky":false,"template":"","format":"standard","meta":{"footnotes":""},"categories":[2820],"tags":[1111,11,2880,1777,674,1011,27,1472,775,12,25,517,640,2879],"class_list":{"0":"post-385958","1":"post","2":"type-post","3":"status-publish","4":"format-standard","5":"has-post-thumbnail","7":"category-strasbourg","8":"tag-actu","9":"tag-actualites","10":"tag-edition-strasbourg","11":"tag-eu","12":"tag-europe","13":"tag-fr","14":"tag-france","15":"tag-golf","16":"tag-grand-est","17":"tag-news","18":"tag-republique-francaise","19":"tag-sport","20":"tag-strasbourg","21":"tag-strasbourg-ville"},"share_on_mastodon":{"url":"https:\/\/pubeurope.com\/@fr\/115192820120860220","error":""},"_links":{"self":[{"href":"https:\/\/www.europesays.com\/fr\/wp-json\/wp\/v2\/posts\/385958","targetHints":{"allow":["GET"]}}],"collection":[{"href":"https:\/\/www.europesays.com\/fr\/wp-json\/wp\/v2\/posts"}],"about":[{"href":"https:\/\/www.europesays.com\/fr\/wp-json\/wp\/v2\/types\/post"}],"author":[{"embeddable":true,"href":"https:\/\/www.europesays.com\/fr\/wp-json\/wp\/v2\/users\/2"}],"replies":[{"embeddable":true,"href":"https:\/\/www.europesays.com\/fr\/wp-json\/wp\/v2\/comments?post=385958"}],"version-history":[{"count":0,"href":"https:\/\/www.europesays.com\/fr\/wp-json\/wp\/v2\/posts\/385958\/revisions"}],"wp:featuredmedia":[{"embeddable":true,"href":"https:\/\/www.europesays.com\/fr\/wp-json\/wp\/v2\/media\/385959"}],"wp:attachment":[{"href":"https:\/\/www.europesays.com\/fr\/wp-json\/wp\/v2\/media?parent=385958"}],"wp:term":[{"taxonomy":"category","embeddable":true,"href":"https:\/\/www.europesays.com\/fr\/wp-json\/wp\/v2\/categories?post=385958"},{"taxonomy":"post_tag","embeddable":true,"href":"https:\/\/www.europesays.com\/fr\/wp-json\/wp\/v2\/tags?post=385958"}],"curies":[{"name":"wp","href":"https:\/\/api.w.org\/{rel}","templated":true}]}}