{"id":385962,"date":"2025-09-12T18:49:14","date_gmt":"2025-09-12T18:49:14","guid":{"rendered":"https:\/\/www.europesays.com\/fr\/385962\/"},"modified":"2025-09-12T18:49:14","modified_gmt":"2025-09-12T18:49:14","slug":"haise-doutes-succes-puis-scepticisme-lavis-de-rothen","status":"publish","type":"post","link":"https:\/\/www.europesays.com\/fr\/385962\/","title":{"rendered":"\u00ab\u00a0Haise ? Doutes, succ\u00e8s puis scepticisme\u00a0\u00bb, l&rsquo;avis de Rothen"},"content":{"rendered":"<p>Nice : \u00ab\u00a0Haise ? Doutes, succ\u00e8s puis scepticisme\u00a0\u00bb, l&rsquo;avis de Rothen Sur le m\u00eame sujet<a href=\"https:\/\/rmcsport.bfmtv.com\/replay-emissions\/rothen-regale\/video-nice-haise-doutes-succes-puis-scepticisme-l-avis-de-rothen_VN-202509120837.html\" title=\"Nice : &quot;Haise ? Doutes, succ\u00e8s puis scepticisme&quot;, l&#039;avis de Rothen \" rel=\"nofollow noopener\" target=\"_blank\"><img class=\"lozad\"  width=\"16\" height=\"9\" alt=\"Nice : &quot;Haise ? Doutes, succ\u00e8s puis scepticisme&quot;, l'avis de Rothen \"\/>en lectureNice : \u00ab\u00a0Haise ? Doutes, succ\u00e8s puis scepticisme\u00a0\u00bb, l&rsquo;avis de Rothen<\/a><a href=\"https:\/\/rmcsport.bfmtv.com\/replay-emissions\/rothen-regale\/video-robert-duverne-ancien-preparateur-physique-des-bleus-et-de-l-ol-est-l-invite-de-rothen-s-enflamme_VN-202509120823.html\" title=\"Robert Duverne, ancien pr\u00e9parateur physique des Bleus et de l&#039;OL, est l&#039;invit\u00e9 de Rothen s&#039;enflamme \" rel=\"nofollow noopener\" target=\"_blank\"><img class=\"lozad\"  width=\"16\" height=\"9\" alt=\"Robert Duverne, ancien pr\u00e9parateur physique des Bleus et de l'OL, est l'invit\u00e9 de Rothen s'enflamme \"\/>10:08Robert Duverne, ancien pr\u00e9parateur physique des Bleus et de l&rsquo;OL, est l&rsquo;invit\u00e9 de Rothen s&rsquo;enflamme<\/a><a href=\"https:\/\/rmcsport.bfmtv.com\/replay-emissions\/rothen-regale\/video-om-les-nouvelles-recrues-peuvent-elles-desequilibrer-le-vestiaire-marseillais_VN-202509120773.html\" title=\"OM : Les nouvelles recrues peuvent-elles d\u00e9s\u00e9quilibrer le vestiaire marseillais ? \" rel=\"nofollow noopener\" target=\"_blank\"><img class=\"lozad\"  width=\"16\" height=\"9\" alt=\"OM : Les nouvelles recrues peuvent-elles d\u00e9s\u00e9quilibrer le vestiaire marseillais ? \"\/>19:37OM : Les nouvelles recrues peuvent-elles d\u00e9s\u00e9quilibrer le vestiaire marseillais ?<\/a><a href=\"https:\/\/rmcsport.bfmtv.com\/football\/ligue-1\/video-om-rabiot-doit-il-s-expliquer-un-message-instragram-ne-suffit-pas-pour-rothen_VN-202509110816.html\" title=\"OM : Rabiot doit-il s&#039;expliquer ? Un message Instragram ne suffit pas pour Rothen \" rel=\"nofollow noopener\" target=\"_blank\"><img class=\"lozad\"  width=\"16\" height=\"9\" alt=\"OM : Rabiot doit-il s'expliquer ? Un message Instragram ne suffit pas pour Rothen \"\/>10:08OM : Rabiot doit-il s&rsquo;expliquer ? Un message Instragram ne suffit pas pour Rothen<\/a><a href=\"https:\/\/rmcsport.bfmtv.com\/replay-emissions\/rothen-regale\/video-equipe-de-france-en-2018-dans-le-vestiaire-c-etait-mandanda-le-numero-1-explique-dehon_VN-202509110804.html\" title=\"\u00c9quipe de France : \u201cEn 2018, dans le vestiaire, c&#039;\u00e9tait Mandanda le num\u00e9ro 1&quot;, explique Dehon\" rel=\"nofollow noopener\" target=\"_blank\"><img class=\"lozad\"  width=\"16\" height=\"9\" alt=\"\u00c9quipe de France : \u201cEn 2018, dans le vestiaire, c'\u00e9tait Mandanda le num\u00e9ro 1&quot;, explique Dehon\"\/>9:22\u00c9quipe de France : \u201cEn 2018, dans le vestiaire, c&rsquo;\u00e9tait Mandanda le num\u00e9ro 1&Prime;, explique Dehon<\/a><a href=\"https:\/\/rmcsport.bfmtv.com\/football\/video-ballon-d-or-un-nouveau-boycott-du-real-est-ce-acceptable_VN-202509110777.html\" title=\"Ballon d&#039;or : un nouveau boycott du Real, est-ce acceptable ?\" rel=\"nofollow noopener\" target=\"_blank\"><img class=\"lozad\"  width=\"16\" height=\"9\" alt=\"Ballon d'or : un nouveau boycott du Real, est-ce acceptable ?\"\/>11:05Ballon d&rsquo;or : un nouveau boycott du Real, est-ce acceptable ?<\/a><a href=\"https:\/\/rmcsport.bfmtv.com\/replay-emissions\/rothen-regale\/video-om-on-a-du-mal-a-etre-patient-dans-le-foot-estime-rothen_VN-202509110774.html\" title=\"OM : \u201cOn a du mal \u00e0 \u00eatre patient dans le foot\u2026\u201d, estime Rothen\" rel=\"nofollow noopener\" target=\"_blank\"><img class=\"lozad\"  width=\"16\" height=\"9\" alt=\"OM : \u201cOn a du mal \u00e0 \u00eatre patient dans le foot\u2026\u201d, estime Rothen\"\/>17:20OM : \u201cOn a du mal \u00e0 \u00eatre patient dans le foot\u2026\u201d, estime Rothen<\/a><a href=\"https:\/\/rmcsport.bfmtv.com\/football\/video-france-2-1-islande-mbappe-a-fait-un-match-abominable-denonce-pierre-dorian_VN-202509100835.html\" title=\"France 2-1 Islande : \u201cMbapp\u00e9 a fait un match abominable !\u201d, d\u00e9nonce Pierre Dorian\" rel=\"nofollow noopener\" target=\"_blank\"><img class=\"lozad\"  width=\"16\" height=\"9\" alt=\"France 2-1 Islande : \u201cMbapp\u00e9 a fait un match abominable !\u201d, d\u00e9nonce Pierre Dorian\"\/>10:32France 2-1 Islande : \u201cMbapp\u00e9 a fait un match abominable !\u201d, d\u00e9nonce Pierre Dorian<\/a><a href=\"https:\/\/rmcsport.bfmtv.com\/replay-emissions\/rothen-regale\/video-france-2-1-islande-l-equipe-de-france-c-est-sacre-dugarry-et-papin-furieux-des-sifflets-contre-rabiot_VN-202509100827.html\" title=\"France 2-1 Islande : \u201cL\u2019\u00e9quipe de France, c\u2019est sacr\u00e9 !\u201d, Dugarry et Papin furieux des sifflets contre Rabiot\" rel=\"nofollow noopener\" target=\"_blank\"><img class=\"lozad\"  width=\"16\" height=\"9\" alt=\"France 2-1 Islande : \u201cL\u2019\u00e9quipe de France, c\u2019est sacr\u00e9 !\u201d, Dugarry et Papin furieux des sifflets contre Rabiot\"\/>9:19France 2-1 Islande : \u201cL\u2019\u00e9quipe de France, c\u2019est sacr\u00e9 !\u201d, Dugarry et Papin furieux des sifflets contre Rabiot<\/a><a href=\"https:\/\/rmcsport.bfmtv.com\/replay-emissions\/rothen-regale\/video-france-2-1-islande-on-a-vu-les-limites-de-deschamps-estime-dugarry_VN-202509100780.html\" title=\"France 2-1 Islande : &quot;On a vu les limites de Deschamps&quot; estime Dugarry\" rel=\"nofollow noopener\" target=\"_blank\"><img class=\"lozad\"  width=\"16\" height=\"9\" alt=\"France 2-1 Islande : &quot;On a vu les limites de Deschamps&quot; estime Dugarry\"\/>14:05France 2-1 Islande : \u00ab\u00a0On a vu les limites de Deschamps\u00a0\u00bb estime Dugarry<\/a><a href=\"https:\/\/rmcsport.bfmtv.com\/replay-emissions\/rothen-regale\/video-equipe-de-france-michael-olise-est-un-element-indispensable-estime-rothen_VN-202509090833.html\" title=\"\u00c9quipe de France : \u201cMichael Olise est un \u00e9l\u00e9ment indispensable\u201d, estime Rothen\" rel=\"nofollow noopener\" target=\"_blank\"><img class=\"lozad\"  width=\"16\" height=\"9\" alt=\"\u00c9quipe de France : \u201cMichael Olise est un \u00e9l\u00e9ment indispensable\u201d, estime Rothen\"\/>8:47\u00c9quipe de France : \u201cMichael Olise est un \u00e9l\u00e9ment indispensable\u201d, estime Rothen<\/a><a href=\"https:\/\/rmcsport.bfmtv.com\/replay-emissions\/rothen-regale\/video-equipe-de-france-digne-des-meilleurs-joueurs-du-monde-rothen-ravis-de-retrouver-mbappe_VN-202509090819.html\" title=\"\u00c9quipe de France : \u201cDigne des meilleurs joueurs du monde\u201d, Rothen ravis de retrouver Mbapp\u00e9\" rel=\"nofollow noopener\" target=\"_blank\"><img class=\"lozad\"  width=\"16\" height=\"9\" alt=\"\u00c9quipe de France : \u201cDigne des meilleurs joueurs du monde\u201d, Rothen ravis de retrouver Mbapp\u00e9\"\/>18:24\u00c9quipe de France : \u201cDigne des meilleurs joueurs du monde\u201d, Rothen ravis de retrouver Mbapp\u00e9<\/a><a href=\"https:\/\/rmcsport.bfmtv.com\/replay-emissions\/rothen-regale\/video-equipe-de-france-comment-l-ombre-de-zidane-influence-deschamps-selon-rothen_VN-202509090772.html\" title=\"\u00c9quipe de France : comment l&#039;ombre de Zidane influence Deschamps, selon Rothen  \" rel=\"nofollow noopener\" target=\"_blank\"><img class=\"lozad\"  width=\"16\" height=\"9\" alt=\"\u00c9quipe de France : comment l'ombre de Zidane influence Deschamps, selon Rothen  \"\/>9:00\u00c9quipe de France : comment l&rsquo;ombre de Zidane influence Deschamps, selon Rothen<\/a><a href=\"https:\/\/rmcsport.bfmtv.com\/replay-emissions\/rothen-regale\/video-equipe-de-france-mbappe-a-t-il-deja-depasse-henry_VN-202509080839.html\" title=\"\u00c9quipe de France : Mbapp\u00e9 a-t-il d\u00e9j\u00e0 d\u00e9pass\u00e9 Henry ? \" rel=\"nofollow noopener\" target=\"_blank\"><img class=\"lozad\"  width=\"16\" height=\"9\" alt=\"\u00c9quipe de France : Mbapp\u00e9 a-t-il d\u00e9j\u00e0 d\u00e9pass\u00e9 Henry ? \"\/>11:49\u00c9quipe de France : Mbapp\u00e9 a-t-il d\u00e9j\u00e0 d\u00e9pass\u00e9 Henry ?<\/a><a class=\"jumpToVideo\" target=\"_blank\"><img class=\"thumbnailPreview\"\/><\/a><\/p>\n","protected":false},"excerpt":{"rendered":"Nice : \u00ab\u00a0Haise ? Doutes, succ\u00e8s puis scepticisme\u00a0\u00bb, l&rsquo;avis de Rothen Sur le m\u00eame sujeten lectureNice : \u00ab\u00a0Haise&hellip;\n","protected":false},"author":2,"featured_media":385963,"comment_status":"","ping_status":"","sticky":false,"template":"","format":"standard","meta":{"footnotes":""},"categories":[2819],"tags":[1111,11,1777,674,1011,27,12,2401,882,25],"class_list":{"0":"post-385962","1":"post","2":"type-post","3":"status-publish","4":"format-standard","5":"has-post-thumbnail","7":"category-nice","8":"tag-actu","9":"tag-actualites","10":"tag-eu","11":"tag-europe","12":"tag-fr","13":"tag-france","14":"tag-news","15":"tag-nice","16":"tag-provence-alpes-cote-dazur","17":"tag-republique-francaise"},"share_on_mastodon":{"url":"https:\/\/pubeurope.com\/@fr\/115192827937732986","error":""},"_links":{"self":[{"href":"https:\/\/www.europesays.com\/fr\/wp-json\/wp\/v2\/posts\/385962","targetHints":{"allow":["GET"]}}],"collection":[{"href":"https:\/\/www.europesays.com\/fr\/wp-json\/wp\/v2\/posts"}],"about":[{"href":"https:\/\/www.europesays.com\/fr\/wp-json\/wp\/v2\/types\/post"}],"author":[{"embeddable":true,"href":"https:\/\/www.europesays.com\/fr\/wp-json\/wp\/v2\/users\/2"}],"replies":[{"embeddable":true,"href":"https:\/\/www.europesays.com\/fr\/wp-json\/wp\/v2\/comments?post=385962"}],"version-history":[{"count":0,"href":"https:\/\/www.europesays.com\/fr\/wp-json\/wp\/v2\/posts\/385962\/revisions"}],"wp:featuredmedia":[{"embeddable":true,"href":"https:\/\/www.europesays.com\/fr\/wp-json\/wp\/v2\/media\/385963"}],"wp:attachment":[{"href":"https:\/\/www.europesays.com\/fr\/wp-json\/wp\/v2\/media?parent=385962"}],"wp:term":[{"taxonomy":"category","embeddable":true,"href":"https:\/\/www.europesays.com\/fr\/wp-json\/wp\/v2\/categories?post=385962"},{"taxonomy":"post_tag","embeddable":true,"href":"https:\/\/www.europesays.com\/fr\/wp-json\/wp\/v2\/tags?post=385962"}],"curies":[{"name":"wp","href":"https:\/\/api.w.org\/{rel}","templated":true}]}}