{"id":385964,"date":"2025-09-12T18:50:19","date_gmt":"2025-09-12T18:50:19","guid":{"rendered":"https:\/\/www.europesays.com\/fr\/385964\/"},"modified":"2025-09-12T18:50:19","modified_gmt":"2025-09-12T18:50:19","slug":"gestion-de-la-ressource-en-eau-letau-se-desserre","status":"publish","type":"post","link":"https:\/\/www.europesays.com\/fr\/385964\/","title":{"rendered":"Gestion de la ressource en eau\u00a0: l\u2019\u00e9tau se desserre"},"content":{"rendered":"<p>\u00a0Les pr\u00e9cipitations du d\u00e9but du mois de septembre ont entra\u00een\u00e9 une reprise des d\u00e9bits des cours d\u2019eau nette et durable sur les bassins de Vilaine, de la Loire, des C\u00f4tiers bretons r\u00e9aliment\u00e9s et de la Moine\u00a0, constate la pr\u00e9fecture. L\u2019am\u00e9lioration des conditions hydrologiques a donc conduit le pr\u00e9fet de la Loire-Atlantique \u00e0 all\u00e9ger au cours des deux derni\u00e8res semaines, les restrictions des usages de l\u2019eau sur les bassins de la Loire, de l\u2019Oudon, de la Moine, de la Vilaine, de la S\u00e8vre nantaise et des C\u00f4tiers bretons r\u00e9aliment\u00e9s.<\/p>\n<p>Pour la ressource \u00ab\u00a0Eaux superficielles\u00a0\u00bb, les bassins de la Loire, des C\u00f4tiers bretons r\u00e9aliment\u00e9s et de la Moine sont replac\u00e9s au niveau de la vigilance. Les bassins versants de la Vilaine, de l\u2019Oudon et de la S\u00e8vre nantaise sont replac\u00e9s au niveau de l\u2019alerte.<\/p>\n<p>Toutefois, l\u2019eau potable reste class\u00e9e en alerte sur l\u2019ensemble du d\u00e9partement de la Loire-Atlantique.<\/p>\n<p>\u00a0<\/p>\n","protected":false},"excerpt":{"rendered":"\u00a0Les pr\u00e9cipitations du d\u00e9but du mois de septembre ont entra\u00een\u00e9 une reprise des d\u00e9bits des cours d\u2019eau nette&hellip;\n","protected":false},"author":2,"featured_media":385965,"comment_status":"","ping_status":"","sticky":false,"template":"","format":"standard","meta":{"footnotes":""},"categories":[2818],"tags":[1111,11,51849,4858,51848,1777,674,1011,27,2861,766,12,2636,25,4856],"class_list":{"0":"post-385964","1":"post","2":"type-post","3":"status-publish","4":"format-standard","5":"has-post-thumbnail","7":"category-nantes","8":"tag-actu","9":"tag-actualites","10":"tag-desserre","11":"tag-eau","12":"tag-etau","13":"tag-eu","14":"tag-europe","15":"tag-fr","16":"tag-france","17":"tag-gestion","18":"tag-nantes","19":"tag-news","20":"tag-pays-de-la-loire","21":"tag-republique-francaise","22":"tag-ressource"},"share_on_mastodon":{"url":"https:\/\/pubeurope.com\/@fr\/115192831921099814","error":""},"_links":{"self":[{"href":"https:\/\/www.europesays.com\/fr\/wp-json\/wp\/v2\/posts\/385964","targetHints":{"allow":["GET"]}}],"collection":[{"href":"https:\/\/www.europesays.com\/fr\/wp-json\/wp\/v2\/posts"}],"about":[{"href":"https:\/\/www.europesays.com\/fr\/wp-json\/wp\/v2\/types\/post"}],"author":[{"embeddable":true,"href":"https:\/\/www.europesays.com\/fr\/wp-json\/wp\/v2\/users\/2"}],"replies":[{"embeddable":true,"href":"https:\/\/www.europesays.com\/fr\/wp-json\/wp\/v2\/comments?post=385964"}],"version-history":[{"count":0,"href":"https:\/\/www.europesays.com\/fr\/wp-json\/wp\/v2\/posts\/385964\/revisions"}],"wp:featuredmedia":[{"embeddable":true,"href":"https:\/\/www.europesays.com\/fr\/wp-json\/wp\/v2\/media\/385965"}],"wp:attachment":[{"href":"https:\/\/www.europesays.com\/fr\/wp-json\/wp\/v2\/media?parent=385964"}],"wp:term":[{"taxonomy":"category","embeddable":true,"href":"https:\/\/www.europesays.com\/fr\/wp-json\/wp\/v2\/categories?post=385964"},{"taxonomy":"post_tag","embeddable":true,"href":"https:\/\/www.europesays.com\/fr\/wp-json\/wp\/v2\/tags?post=385964"}],"curies":[{"name":"wp","href":"https:\/\/api.w.org\/{rel}","templated":true}]}}