{"id":385966,"date":"2025-09-12T18:51:22","date_gmt":"2025-09-12T18:51:22","guid":{"rendered":"https:\/\/www.europesays.com\/fr\/385966\/"},"modified":"2025-09-12T18:51:22","modified_gmt":"2025-09-12T18:51:22","slug":"a-la-decouverte-des-bieres-artisanales-a-nantes-ce-week-end","status":"publish","type":"post","link":"https:\/\/www.europesays.com\/fr\/385966\/","title":{"rendered":"\u00c0 la d\u00e9couverte des bi\u00e8res artisanales \u00e0 Nantes ce week-end"},"content":{"rendered":"<p>La bi\u00e8re artisanale a le vent en poupe depuis quelques ann\u00e9es\u00a0: \u00a0Il s\u2019ouvre une brasserie artisanale par jour en France, explique Damien Piganiol membre de l\u2019association Nantes Beer Club. Il existe aujourd\u2019hui 2\u00a0500\u00a0brasseries artisanales en France. On ne choisit plus sa bi\u00e8re en fonction de sa couleur comme avant, une brune, une blonde ou une blanche. Il existe des dizaines de styles de bi\u00e8res diff\u00e9rents\u00a0: acides, fruit\u00e9es, torr\u00e9fi\u00e9es\u2026 Brass\u00e9es \u00e0 partir de bl\u00e9, de sarrasin, de riz\u2026 La bi\u00e8re est un produit qui permet d\u2019\u00eatre tr\u00e8s inventif et d\u2019aller dans beaucoup de directions une fois qu\u2019on ma\u00eetrise la technique.\u00a0<\/p>\n<p>\u00ab\u00a0On paye son entr\u00e9e et on se voit remettre un verre de d\u00e9gustation \u00bb<\/p>\n<p>C\u2019est cette diversit\u00e9 que le festival Nantes sous pression veut mettre en lumi\u00e8re. Ce week-end, 45\u00a0brasseurs de toute la France et d\u2019Europe vont faire d\u00e9couvrir leurs produits. Le principe est le m\u00eame que dans un salon des vins\u00a0: \u00a0On paye son entr\u00e9e et on se voit remettre un verre de d\u00e9gustation de 12,5\u00a0cl. L\u2019objectif est vraiment la d\u00e9couverte et l\u2019\u00e9change avec les brasseurs et brasseuses qui expliquent leur travail. Nous choisissons soigneusement les brasseurs pr\u00e9sents et nous invitons aussi quatre jeunes brasseries cr\u00e9\u00e9es il y a moins d\u2019un an.\u00a0<\/p>\n<p>Cette ann\u00e9e, deux brasseries de Loire-Atlantique sont parmi les heureux \u00e9lus\u00a0: Fat Wombat du Cellier et la microbrasserie Globe, install\u00e9e dans la presqu\u2019\u00eele gu\u00e9randaise.<\/p>\n<p>Outre les d\u00e9gustations, plusieurs ateliers et conf\u00e9rences sont propos\u00e9s pendant le week-end\u00a0: des d\u00e9gustations \u00e0 l\u2019aveugle mais aussi des ateliers pour accorder bi\u00e8re et fromage ou bi\u00e8re et hu\u00eetres par la zythologue (experte de la bi\u00e8re) Marie-Emmanuelle Berdah.<\/p>\n<p>Une bi\u00e8re brass\u00e9e sp\u00e9cialement<\/p>\n<p>La sixi\u00e8me \u00e9dition de Nantes sous pression sera aussi l\u2019occasion de d\u00e9couvrir une bi\u00e8re brass\u00e9e sp\u00e9cialement pour l\u2019\u00e9v\u00e9nement\u00a0: \u00a0On a demand\u00e9 \u00e0 deux brasseries partenaires, La Superbe qui est bas\u00e9e dans les Pyr\u00e9n\u00e9es Atlantique et Sparkle qui est install\u00e9e \u00e0 Quiberon. Ils ont travaill\u00e9 ensemble le temps d\u2019un week-end, ils ont choisi ensemble la recette et le style de la bi\u00e8re. 15\u00a0hectolitres ont \u00e9t\u00e9 produits r\u00e9partis dans\u00a043\u00a0f\u00fbts et 480\u00a0canettes.\u00a0<\/p>\n<p>\u00a0<\/p>\n","protected":false},"excerpt":{"rendered":"La bi\u00e8re artisanale a le vent en poupe depuis quelques ann\u00e9es\u00a0: \u00a0Il s\u2019ouvre une brasserie artisanale par jour&hellip;\n","protected":false},"author":2,"featured_media":385967,"comment_status":"","ping_status":"","sticky":false,"template":"","format":"standard","meta":{"footnotes":""},"categories":[2818],"tags":[1111,11,51850,9731,5975,1777,674,1011,27,766,12,2636,25,3272,4064],"class_list":{"0":"post-385966","1":"post","2":"type-post","3":"status-publish","4":"format-standard","5":"has-post-thumbnail","7":"category-nantes","8":"tag-actu","9":"tag-actualites","10":"tag-artisanales","11":"tag-bieres","12":"tag-decouverte","13":"tag-eu","14":"tag-europe","15":"tag-fr","16":"tag-france","17":"tag-nantes","18":"tag-news","19":"tag-pays-de-la-loire","20":"tag-republique-francaise","21":"tag-saint-nazaire","22":"tag-week-end"},"share_on_mastodon":{"url":"https:\/\/pubeurope.com\/@fr\/115192835876636333","error":""},"_links":{"self":[{"href":"https:\/\/www.europesays.com\/fr\/wp-json\/wp\/v2\/posts\/385966","targetHints":{"allow":["GET"]}}],"collection":[{"href":"https:\/\/www.europesays.com\/fr\/wp-json\/wp\/v2\/posts"}],"about":[{"href":"https:\/\/www.europesays.com\/fr\/wp-json\/wp\/v2\/types\/post"}],"author":[{"embeddable":true,"href":"https:\/\/www.europesays.com\/fr\/wp-json\/wp\/v2\/users\/2"}],"replies":[{"embeddable":true,"href":"https:\/\/www.europesays.com\/fr\/wp-json\/wp\/v2\/comments?post=385966"}],"version-history":[{"count":0,"href":"https:\/\/www.europesays.com\/fr\/wp-json\/wp\/v2\/posts\/385966\/revisions"}],"wp:featuredmedia":[{"embeddable":true,"href":"https:\/\/www.europesays.com\/fr\/wp-json\/wp\/v2\/media\/385967"}],"wp:attachment":[{"href":"https:\/\/www.europesays.com\/fr\/wp-json\/wp\/v2\/media?parent=385966"}],"wp:term":[{"taxonomy":"category","embeddable":true,"href":"https:\/\/www.europesays.com\/fr\/wp-json\/wp\/v2\/categories?post=385966"},{"taxonomy":"post_tag","embeddable":true,"href":"https:\/\/www.europesays.com\/fr\/wp-json\/wp\/v2\/tags?post=385966"}],"curies":[{"name":"wp","href":"https:\/\/api.w.org\/{rel}","templated":true}]}}