{"id":385968,"date":"2025-09-12T18:52:10","date_gmt":"2025-09-12T18:52:10","guid":{"rendered":"https:\/\/www.europesays.com\/fr\/385968\/"},"modified":"2025-09-12T18:52:10","modified_gmt":"2025-09-12T18:52:10","slug":"un-homme-tue-dun-coup-de-couteau-ses-agresseurs-en-fuite","status":"publish","type":"post","link":"https:\/\/www.europesays.com\/fr\/385968\/","title":{"rendered":"un homme tu\u00e9 d\u2019un coup de couteau, ses agresseurs en fuite"},"content":{"rendered":"<p>Le Caf\u00e9 Dunya, place Bir-Hakeim \u00e0 Bordeaux, s\u2019appr\u00eatait \u00e0 fermer ses portes dans la nuit de jeudi\u00a011 \u00e0 vendredi 12\u00a0septembre, quand une violente altercation est n\u00e9e entre des clients, \u00e0 l\u2019ext\u00e9rieur de l\u2019\u00e9tablissement.<\/p>\n<p>Il \u00e9tait aux environs de 2\u00a0heures du matin. Le ton est mont\u00e9 pour une raison encore inconnue et trois hommes, semble-t-il alcoolis\u00e9s, ont continu\u00e9 \u00e0 vocif\u00e9rer et gesticuler en direction du pont de pierre.<\/p>\n<p>C\u2019est \u00e0 ce moment-l\u00e0 que Mehmet, un turc de 69\u00a0ans, a re\u00e7u un coup de couteau port\u00e9 dans le dos. La victime s\u2019est effondr\u00e9e et, malgr\u00e9 l\u2019intervention rapide des secours, n\u2019a pas pu \u00eatre r\u00e9anim\u00e9e.<\/p>\n<p>Pas de t\u00e9moins<\/p>\n<p>\u00c0 l\u2019arriv\u00e9e des sapeurs-pompiers et de la police, les agresseurs avaient disparu. On ne conna\u00eet pas la direction de fuite de ces derniers et il n\u2019y aurait pas de t\u00e9moins de la sc\u00e8ne funeste.<\/p>\n<p>Les policiers de la Division de police scientifique ont r\u00e9alis\u00e9 des constatations sur la sc\u00e8ne de crime et une enqu\u00eate a \u00e9t\u00e9 confi\u00e9e par le parquet \u00e0 la brigade criminelle de la Division de la criminalit\u00e9 organis\u00e9e et sp\u00e9cialis\u00e9e (DCOS).<\/p>\n<p>\u00ab\u00a0Mehmet \u00e9tait un chic type, commente Samir, un habitu\u00e9 de la place Bir-Hakeim, rencontr\u00e9 ce vendredi aux abords du caf\u00e9 Dunya. Personne ne sait pourquoi il s\u2019est embrouill\u00e9 avec ces gars-l\u00e0.\u00a0\u00bb<\/p>\n<p>Les investigations, en cours, s\u2019annoncent difficiles.<\/p>\n","protected":false},"excerpt":{"rendered":"Le Caf\u00e9 Dunya, place Bir-Hakeim \u00e0 Bordeaux, s\u2019appr\u00eatait \u00e0 fermer ses portes dans la nuit de jeudi\u00a011 \u00e0&hellip;\n","protected":false},"author":2,"featured_media":385969,"comment_status":"","ping_status":"","sticky":false,"template":"","format":"standard","meta":{"footnotes":""},"categories":[2817],"tags":[1111,11,1997,1777,674,1011,27,12,2219,25],"class_list":{"0":"post-385968","1":"post","2":"type-post","3":"status-publish","4":"format-standard","5":"has-post-thumbnail","7":"category-bordeaux","8":"tag-actu","9":"tag-actualites","10":"tag-bordeaux","11":"tag-eu","12":"tag-europe","13":"tag-fr","14":"tag-france","15":"tag-news","16":"tag-nouvelle-aquitaine","17":"tag-republique-francaise"},"share_on_mastodon":{"url":"https:\/\/pubeurope.com\/@fr\/115192839765102739","error":""},"_links":{"self":[{"href":"https:\/\/www.europesays.com\/fr\/wp-json\/wp\/v2\/posts\/385968","targetHints":{"allow":["GET"]}}],"collection":[{"href":"https:\/\/www.europesays.com\/fr\/wp-json\/wp\/v2\/posts"}],"about":[{"href":"https:\/\/www.europesays.com\/fr\/wp-json\/wp\/v2\/types\/post"}],"author":[{"embeddable":true,"href":"https:\/\/www.europesays.com\/fr\/wp-json\/wp\/v2\/users\/2"}],"replies":[{"embeddable":true,"href":"https:\/\/www.europesays.com\/fr\/wp-json\/wp\/v2\/comments?post=385968"}],"version-history":[{"count":0,"href":"https:\/\/www.europesays.com\/fr\/wp-json\/wp\/v2\/posts\/385968\/revisions"}],"wp:featuredmedia":[{"embeddable":true,"href":"https:\/\/www.europesays.com\/fr\/wp-json\/wp\/v2\/media\/385969"}],"wp:attachment":[{"href":"https:\/\/www.europesays.com\/fr\/wp-json\/wp\/v2\/media?parent=385968"}],"wp:term":[{"taxonomy":"category","embeddable":true,"href":"https:\/\/www.europesays.com\/fr\/wp-json\/wp\/v2\/categories?post=385968"},{"taxonomy":"post_tag","embeddable":true,"href":"https:\/\/www.europesays.com\/fr\/wp-json\/wp\/v2\/tags?post=385968"}],"curies":[{"name":"wp","href":"https:\/\/api.w.org\/{rel}","templated":true}]}}