{"id":385970,"date":"2025-09-12T18:53:12","date_gmt":"2025-09-12T18:53:12","guid":{"rendered":"https:\/\/www.europesays.com\/fr\/385970\/"},"modified":"2025-09-12T18:53:12","modified_gmt":"2025-09-12T18:53:12","slug":"les-insoumis-se-prennent-un-vent-a-bordeaux-liberation","status":"publish","type":"post","link":"https:\/\/www.europesays.com\/fr\/385970\/","title":{"rendered":"les insoumis se prennent un vent \u00e0 Bordeaux \u2013 Lib\u00e9ration"},"content":{"rendered":"<p class=\"sc-cPiKLX AiZTS text-element\">Il va falloir bien s\u2019accrocher pour r\u00e9ussir \u00e0 suivre la multitude de strat\u00e9gies de la gauche pour les municipales, entre les unions de la gauche, avec ou sans LFI, et les villes o\u00f9 tout ce petit monde partira s\u00e9par\u00e9ment. A Bordeaux, comme le relate <a href=\"https:\/\/newsletter.liberation.fr\/m\/ml\/200138\/549267\/9cEskWccaMvPiNCR8kGew-eUGeuUYZhWba7H0nnMIZM=\/hKhoYvoS8AtuuUj7M+p0YSOLBxqKnsktohjV4ceK1C4=\/wwVOTF9DaGV6X1BvbF9fMjAyNS0wOS0xMg==\" target=\"_blank\" rel=\"nofollow noopener\" title=\"https:\/\/newsletter.liberation.fr\/m\/ml\/200138\/549267\/9cEskWccaMvPiNCR8kGew-eUGeuUYZhWba7H0nnMIZM=\/hKhoYvoS8AtuuUj7M+p0YSOLBxqKnsktohjV4ceK1C4=\/wwVOTF9DaGV6X1BvbF9fMjAyNS0wOS0xMg==\">le Figaro<\/a>, LFI a tent\u00e9 de faire un pas vers le maire \u00e9colo sortant, et candidat \u00e0 sa r\u00e9\u00e9lection, Pierre Hurmic. \u00abNous lan\u00e7ons un appel \u00e0 l\u2019union de toutes les forces de gauche, qui nous semble essentiel pour \u00e9viter que la ville bascule en 2026\u00bb, explique au quotidien le r\u00e9f\u00e9rent local de LFI, Nordine Raymond. Mais l\u2019\u00e9dile vert a rapidement coup\u00e9 court \u00e0 toute entente. \u00abIl n\u2019y a pas d\u2019alliance envisageable avec LFI \u00e0 Bordeaux\u00bb, assure fermement Hurmic \u00e0 propos d\u2019insoumis qui n\u2019ont pas \u00e9t\u00e9 tendre <\/p>\n","protected":false},"excerpt":{"rendered":"Il va falloir bien s\u2019accrocher pour r\u00e9ussir \u00e0 suivre la multitude de strat\u00e9gies de la gauche pour les&hellip;\n","protected":false},"author":2,"featured_media":385971,"comment_status":"","ping_status":"","sticky":false,"template":"","format":"standard","meta":{"footnotes":""},"categories":[2817],"tags":[1111,11,1997,2286,1777,674,1011,27,780,5945,12,2219,25],"class_list":{"0":"post-385970","1":"post","2":"type-post","3":"status-publish","4":"format-standard","5":"has-post-thumbnail","7":"category-bordeaux","8":"tag-actu","9":"tag-actualites","10":"tag-bordeaux","11":"tag-eelv","12":"tag-eu","13":"tag-europe","14":"tag-fr","15":"tag-france","16":"tag-lfi","17":"tag-municipales-elections","18":"tag-news","19":"tag-nouvelle-aquitaine","20":"tag-republique-francaise"},"share_on_mastodon":{"url":"https:\/\/pubeurope.com\/@fr\/115192843760727587","error":""},"_links":{"self":[{"href":"https:\/\/www.europesays.com\/fr\/wp-json\/wp\/v2\/posts\/385970","targetHints":{"allow":["GET"]}}],"collection":[{"href":"https:\/\/www.europesays.com\/fr\/wp-json\/wp\/v2\/posts"}],"about":[{"href":"https:\/\/www.europesays.com\/fr\/wp-json\/wp\/v2\/types\/post"}],"author":[{"embeddable":true,"href":"https:\/\/www.europesays.com\/fr\/wp-json\/wp\/v2\/users\/2"}],"replies":[{"embeddable":true,"href":"https:\/\/www.europesays.com\/fr\/wp-json\/wp\/v2\/comments?post=385970"}],"version-history":[{"count":0,"href":"https:\/\/www.europesays.com\/fr\/wp-json\/wp\/v2\/posts\/385970\/revisions"}],"wp:featuredmedia":[{"embeddable":true,"href":"https:\/\/www.europesays.com\/fr\/wp-json\/wp\/v2\/media\/385971"}],"wp:attachment":[{"href":"https:\/\/www.europesays.com\/fr\/wp-json\/wp\/v2\/media?parent=385970"}],"wp:term":[{"taxonomy":"category","embeddable":true,"href":"https:\/\/www.europesays.com\/fr\/wp-json\/wp\/v2\/categories?post=385970"},{"taxonomy":"post_tag","embeddable":true,"href":"https:\/\/www.europesays.com\/fr\/wp-json\/wp\/v2\/tags?post=385970"}],"curies":[{"name":"wp","href":"https:\/\/api.w.org\/{rel}","templated":true}]}}