{"id":385972,"date":"2025-09-12T18:54:11","date_gmt":"2025-09-12T18:54:11","guid":{"rendered":"https:\/\/www.europesays.com\/fr\/385972\/"},"modified":"2025-09-12T18:54:11","modified_gmt":"2025-09-12T18:54:11","slug":"dispute-familiale-en-face-du-commissariat-une-femme-sectionne-les-doigts-de-son-fils-a-laide-dun-sabre-japonais","status":"publish","type":"post","link":"https:\/\/www.europesays.com\/fr\/385972\/","title":{"rendered":"Dispute familiale en face du commissariat\u00a0: une femme sectionne les doigts de son fils \u00e0 l\u2019aide d\u2019un sabre japonais"},"content":{"rendered":"<p>\n                                                                    l&rsquo;essentiel<br \/>\n                                                                \u00c0 Toulouse, une violente dispute familiale a \u00e9clat\u00e9 jeudi soir dans un appartement situ\u00e9 juste en face du commissariat Bellefontaine. Une femme de 66 ans, arm\u00e9e d\u2019un sabre japonais, a sectionn\u00e9 les doigts et les orteils de son fils. Les deux protagonistes souffriraient de troubles psychiatriques.\n                            <\/p>\n<p>\u00ab\u00a0Au secours, au secours\u00a0\u00bb, hurle inlassablement une femme. Ses cris jaillissent par la fen\u00eatre de son appartement, en face du commissariat Bellefontaine, \u00e0 Toulouse. Quelques minutes plus tard, un \u00e9quipage de police p\u00e9n\u00e8tre dans le b\u00e2timent. Un homme a \u00e9t\u00e9 bless\u00e9 par arme blanche. Sa m\u00e8re, \u00e2g\u00e9e de 66 ans, est entre les mains de la police nationale.<\/p>\n<p>Des points de suture<\/p>\n<p>Tout se d\u00e9roule vers 21\u00a0heures ce jeudi 11\u00a0septembre. En arrivant devant\u00a0l\u2019appartement, les policiers se retrouvent face \u00e0 une porte close. La voix de la femme r\u00e9sonne \u00e0 travers. De crainte de la retrouver morte, les forces de l\u2019ordre cassent la serrure et entrent. La sc\u00e8ne qui se dessine\u00a0est inattendue. La sexag\u00e9naire crie, brandissant un sabre japonais. Au sol, son fils de 47 ans a les doigts et les orteils l\u00e9g\u00e8rement coup\u00e9s. Il saigne abondamment et re\u00e7oit des soins en urgence.<\/p>\n<p>Cette femme, connue pour ses troubles psychiatriques, a \u00e9t\u00e9 arr\u00eat\u00e9e. \u00c0 ce stade, les causes de cette agression ne sont pas d\u00e9termin\u00e9es. Heureusement, le pire a \u00e9t\u00e9 \u00e9vit\u00e9.<\/p>\n<p>La victime, \u00e9galement sous traitement pour une maladie psychiatrique, est ressortie de l\u2019h\u00f4pital avec plusieurs points de suture. Sa plainte n\u2019avait pas \u00e9t\u00e9 enregistr\u00e9e ce vendredi.<\/p>\n","protected":false},"excerpt":{"rendered":"l&rsquo;essentiel \u00c0 Toulouse, une violente dispute familiale a \u00e9clat\u00e9 jeudi soir dans un appartement situ\u00e9 juste en face&hellip;\n","protected":false},"author":2,"featured_media":385973,"comment_status":"","ping_status":"","sticky":false,"template":"","format":"standard","meta":{"footnotes":""},"categories":[2816],"tags":[1111,11,1777,674,1011,27,12,2680,25,2312],"class_list":{"0":"post-385972","1":"post","2":"type-post","3":"status-publish","4":"format-standard","5":"has-post-thumbnail","7":"category-toulouse","8":"tag-actu","9":"tag-actualites","10":"tag-eu","11":"tag-europe","12":"tag-fr","13":"tag-france","14":"tag-news","15":"tag-occitanie","16":"tag-republique-francaise","17":"tag-toulouse"},"share_on_mastodon":{"url":"https:\/\/pubeurope.com\/@fr\/115192847753546554","error":""},"_links":{"self":[{"href":"https:\/\/www.europesays.com\/fr\/wp-json\/wp\/v2\/posts\/385972","targetHints":{"allow":["GET"]}}],"collection":[{"href":"https:\/\/www.europesays.com\/fr\/wp-json\/wp\/v2\/posts"}],"about":[{"href":"https:\/\/www.europesays.com\/fr\/wp-json\/wp\/v2\/types\/post"}],"author":[{"embeddable":true,"href":"https:\/\/www.europesays.com\/fr\/wp-json\/wp\/v2\/users\/2"}],"replies":[{"embeddable":true,"href":"https:\/\/www.europesays.com\/fr\/wp-json\/wp\/v2\/comments?post=385972"}],"version-history":[{"count":0,"href":"https:\/\/www.europesays.com\/fr\/wp-json\/wp\/v2\/posts\/385972\/revisions"}],"wp:featuredmedia":[{"embeddable":true,"href":"https:\/\/www.europesays.com\/fr\/wp-json\/wp\/v2\/media\/385973"}],"wp:attachment":[{"href":"https:\/\/www.europesays.com\/fr\/wp-json\/wp\/v2\/media?parent=385972"}],"wp:term":[{"taxonomy":"category","embeddable":true,"href":"https:\/\/www.europesays.com\/fr\/wp-json\/wp\/v2\/categories?post=385972"},{"taxonomy":"post_tag","embeddable":true,"href":"https:\/\/www.europesays.com\/fr\/wp-json\/wp\/v2\/tags?post=385972"}],"curies":[{"name":"wp","href":"https:\/\/api.w.org\/{rel}","templated":true}]}}