{"id":385974,"date":"2025-09-12T18:55:11","date_gmt":"2025-09-12T18:55:11","guid":{"rendered":"https:\/\/www.europesays.com\/fr\/385974\/"},"modified":"2025-09-12T18:55:11","modified_gmt":"2025-09-12T18:55:11","slug":"dix-personnes-arretees-durant-la-manif-devront-sexpliquer-devant-la-justice","status":"publish","type":"post","link":"https:\/\/www.europesays.com\/fr\/385974\/","title":{"rendered":"dix personnes arr\u00eat\u00e9es durant la manif&rsquo; devront s&rsquo;expliquer devant la justice"},"content":{"rendered":"<p>            Par<br \/>\n        <strong><br \/>\n            <a href=\"https:\/\/actu.fr\/auteur\/marie-lamarque\" title=\"Consulter tous les articles de Marie Lamarque\" target=\"_blank\" rel=\"noopener\">Marie Lamarque<\/a><br \/>\n        <\/strong><\/p>\n<p>        Publi\u00e9 le<\/p>\n<p>            12 sept. 2025 \u00e0 20h40        <\/p>\n<p><strong>13 000 \u00e0 30 000 manifestants<\/strong> se sont r\u00e9unis <a href=\"https:\/\/actu.fr\/toulouse\/\" target=\"_blank\" rel=\"noopener\">\u00e0 Toulouse<\/a> pour <a href=\"https:\/\/actu.fr\/occitanie\/toulouse_31555\/direct-bloquons-tout-perturbations-dans-les-transports-manifestations-greves-ce-qu-il-se-passe-a-toulouse_63135101.html\" target=\"_blank\" rel=\"noopener\">le grand mouvement \u00ab\u00a0Bloquons tout\u00a0\u00bb<\/a> organis\u00e9 mercredi 10 septembre 2025. Un mouvement marqu\u00e9 <a href=\"https:\/\/actu.fr\/occitanie\/toulouse_31555\/bloquons-tout-13-000-a-30-000-manifestants-dans-les-rues-de-toulouse-des-incidents-eclatent_63144187.html\" target=\"_blank\" rel=\"noopener\">par des incidents qui ont \u00e9clat\u00e9<\/a> dans le centre-ville de la Ville rose.<\/p>\n<p class=\" wall-content\">Les forces de l\u2019ordre ont dispers\u00e9 la foule \u00e0 coups de gaz lacrymog\u00e8nes, tandis que, de l\u2019autre c\u00f4t\u00e9, des fumig\u00e8nes, pav\u00e9s et p\u00e9tards ont \u00e9t\u00e9 projet\u00e9s.<\/p>\n<p class=\" wall-content\">Plusieurs individus ont \u00e9t\u00e9 interpell\u00e9s lors de ces affrontements. Ce vendredi 12 septembre, le parquet de Toulouse informe que <strong>dix d\u2019entre eux devront prochainement s\u2019expliquer devant la justice<\/strong>.<\/p>\n<p>50 personnes rel\u00e2ch\u00e9es apr\u00e8s leur garde \u00e0 vue<\/p>\n<p class=\" wall-content\">D\u00e8s le mercredi soir, la pr\u00e9fecture faisait d\u00e9j\u00e0 \u00e9tat d\u2019une soixantaine d\u2019interpellations. \u00ab\u00a0<strong>60 personnes ont \u00e9t\u00e9 plac\u00e9es en garde \u00e0 vue<\/strong>\u00ab\u00a0, pr\u00e9cise le parquet.<\/p>\n<p class=\" wall-content\">Ce dernier rappelle que s\u2019il estime que les infractions reproch\u00e9es sont juridiquement caract\u00e9ris\u00e9es et que les \u00e9l\u00e9ments de preuves sont suffisants, il caract\u00e9rise les suites \u00e0 donner \u00ab\u00a0en fonction de la gravit\u00e9 des faits, de la personnalit\u00e9 du mis en cause et de ses ant\u00e9c\u00e9dents judiciaires\u00a0\u00bb.<\/p>\n<p>Vid\u00e9os : en ce moment sur Actu<\/p>\n<p class=\" wall-content\">Ainsi, sur les 60 personnes plac\u00e9es en garde \u00e0 vue, <strong>50 ont \u00e9t\u00e9 remises en libert\u00e9<\/strong>. 27 ont fait l\u2019objet de classements sans suite, dont 26 du fait que les infractions reproch\u00e9es n\u2019\u00e9taient pas suffisamment caract\u00e9ris\u00e9es.<\/p>\n<p class=\" wall-content\">Les 10 autres mis en cause, dont un mineur, ont \u00e9t\u00e9 d\u00e9ferr\u00e9s et devront s\u2019expliquer devant la justice.<\/p>\n<p>Votre r\u00e9gion, votre actu !<\/p>\n<p>Recevez chaque jour les infos qui comptent pour vous.<\/p>\n<p>\t<a href=\"https:\/\/actu.fr\/newsletter\" class=\"ac-btn ac-btn--corner ac-btn--medium ac-btn--blue800\" target=\"_blank\" rel=\"noopener\">S&rsquo;incrire<\/a><br \/>\nNouvelle journ\u00e9e d\u2019actions, le 18 septembre<\/p>\n<p class=\" wall-content\"><a href=\"https:\/\/actu.fr\/occitanie\/toulouse_31555\/bloquons-tout-apres-le-10-septembre-le-mouvement-va-t-il-se-prolonger-a-toulouse_63144939.html\" target=\"_blank\" rel=\"noopener\">Une nouvelle journ\u00e9e d\u2019actions est d\u00e9j\u00e0 annonc\u00e9e<\/a> pour ce jeudi 18 septembre. Une gr\u00e8ve massive se profile avec l\u2019appel de syndicats de diff\u00e9rents secteurs professionnels, notamment \u00e0 <a href=\"https:\/\/actu.fr\/occitanie\/toulouse_31555\/syndicats-et-mouvement-bloquons-tout-s-unissent-une-journee-noire-se-profile-a-toulouse_63152614.html\" target=\"_blank\" rel=\"noopener\">la SNCF<\/a>.<\/p>\n<p class=\" wall-content\">\u00ab\u2009Les h\u00f4pitaux, l\u2019\u00e9nergie, les industries, les transports, l\u2019audiovisuel public et la culture sont d\u00e9j\u00e0 mobilis\u00e9s\u2009\u00bb, indique la CGT\u00a0en Haute-Garonne.\u00a0Les \u00e9coles seront aussi s\u00fbrement impact\u00e9es.<\/p>\n<p class=\" wall-content\">Mais pour le moment, <strong>aucun rendez-vous n\u2019a \u00e9t\u00e9 clairement annonc\u00e9<\/strong> pour une manifestation d\u2019ampleur dans Toulouse.<\/p>\n<p class=\" wall-content\">Personnalisez votre actualit\u00e9 en ajoutant vos villes et m\u00e9dias en favori avec <a href=\"https:\/\/moncompte.actu.fr\" title=\"D\u00e9couvez Mon Actu\" rel=\"nofollow noopener\" data-trk=\"{&quot;cta&quot;:{&quot;action&quot;:&quot;https:\\\/\\\/moncompte.actu.fr&quot;,&quot;category&quot;:&quot;mon compte&quot;,&quot;from&quot;:&quot;article footer&quot;,&quot;name&quot;:&quot;Mon actu&quot;,&quot;type&quot;:&quot;cta&quot;}}\" target=\"_blank\">Mon Actu<\/a>.<\/p>\n","protected":false},"excerpt":{"rendered":"Par Marie Lamarque Publi\u00e9 le 12 sept. 2025 \u00e0 20h40 13 000 \u00e0 30 000 manifestants se sont&hellip;\n","protected":false},"author":2,"featured_media":385975,"comment_status":"","ping_status":"","sticky":false,"template":"","format":"standard","meta":{"footnotes":""},"categories":[2816],"tags":[1111,11,47212,1777,674,118,1011,27,1272,12,2680,25,2312],"class_list":{"0":"post-385974","1":"post","2":"type-post","3":"status-publish","4":"format-standard","5":"has-post-thumbnail","7":"category-toulouse","8":"tag-actu","9":"tag-actualites","10":"tag-bloquons-tout","11":"tag-eu","12":"tag-europe","13":"tag-faits-divers","14":"tag-fr","15":"tag-france","16":"tag-manifestations","17":"tag-news","18":"tag-occitanie","19":"tag-republique-francaise","20":"tag-toulouse"},"share_on_mastodon":{"url":"https:\/\/pubeurope.com\/@fr\/115192851626505740","error":""},"_links":{"self":[{"href":"https:\/\/www.europesays.com\/fr\/wp-json\/wp\/v2\/posts\/385974","targetHints":{"allow":["GET"]}}],"collection":[{"href":"https:\/\/www.europesays.com\/fr\/wp-json\/wp\/v2\/posts"}],"about":[{"href":"https:\/\/www.europesays.com\/fr\/wp-json\/wp\/v2\/types\/post"}],"author":[{"embeddable":true,"href":"https:\/\/www.europesays.com\/fr\/wp-json\/wp\/v2\/users\/2"}],"replies":[{"embeddable":true,"href":"https:\/\/www.europesays.com\/fr\/wp-json\/wp\/v2\/comments?post=385974"}],"version-history":[{"count":0,"href":"https:\/\/www.europesays.com\/fr\/wp-json\/wp\/v2\/posts\/385974\/revisions"}],"wp:featuredmedia":[{"embeddable":true,"href":"https:\/\/www.europesays.com\/fr\/wp-json\/wp\/v2\/media\/385975"}],"wp:attachment":[{"href":"https:\/\/www.europesays.com\/fr\/wp-json\/wp\/v2\/media?parent=385974"}],"wp:term":[{"taxonomy":"category","embeddable":true,"href":"https:\/\/www.europesays.com\/fr\/wp-json\/wp\/v2\/categories?post=385974"},{"taxonomy":"post_tag","embeddable":true,"href":"https:\/\/www.europesays.com\/fr\/wp-json\/wp\/v2\/tags?post=385974"}],"curies":[{"name":"wp","href":"https:\/\/api.w.org\/{rel}","templated":true}]}}