{"id":385976,"date":"2025-09-12T18:56:12","date_gmt":"2025-09-12T18:56:12","guid":{"rendered":"https:\/\/www.europesays.com\/fr\/385976\/"},"modified":"2025-09-12T18:56:12","modified_gmt":"2025-09-12T18:56:12","slug":"journees-du-patrimoine-geantes-au-palais-des-beaux-arts-de-lille","status":"publish","type":"post","link":"https:\/\/www.europesays.com\/fr\/385976\/","title":{"rendered":"Journ\u00e9es du Patrimoine G\u00e9antes au Palais des Beaux-Arts de Lille"},"content":{"rendered":"<p style=\"text-align: justify;\"><strong>Samedi 20<\/strong> &amp; <strong>dimanche 21 septembre 2025<\/strong> de <strong>10h \u00e0 18h,<\/strong> le <strong>Palais des Beaux-Arts de Lille<\/strong> organise des <strong>Journ\u00e9es du Patrimoine G\u00e9antes !\u00a0<\/strong><\/p>\n<p><img loading=\"lazy\" decoding=\"async\" width=\"683\" height=\"1024\" src=\"https:\/\/www.europesays.com\/fr\/wp-content\/uploads\/2025\/09\/pba_petite_histoire_geants_03-683x1024.jpg\" alt=\"\" class=\"wp-image-87046\" style=\"aspect-ratio:0.6669921875;width:350px;height:auto\"  \/><\/p>\n<p style=\"text-align: justify;\">Programme autour de l\u2019expo \u00ab\u00a0Petite Histoire de G\u00e9ants\u00a0\u00bb <br \/><strong>Visite libre de l\u2019exposition\u00a0\u00a0<\/strong><br \/><strong>Embl\u00e9matiques du Nord de la France<\/strong> et de <strong>Belgique,<\/strong> les <strong>G\u00e9ants<\/strong> <strong>s\u2019invitent aujourd\u2019hui encore<\/strong> aux <strong>carnavals<\/strong> et<strong> f\u00eates de rue !<\/strong> Pour les <strong>20 ans de leur reconnaissance<\/strong> comme <strong>patrimoine culturel immat\u00e9riel de l\u2019humanit\u00e9 par l\u2019UNESCO,<\/strong> le <strong>Palais des Beaux-Arts de Lille<\/strong> leur consacre <strong>une exposition gr\u00e2ce \u00e0 des \u0153uvres issues de ses collections<\/strong> et du <strong>Mus\u00e9e de l\u2019Hospice Comtesse.<\/strong> <br \/>Exposition pr\u00e9sent\u00e9e du 18 septembre 2025 au 05 janvier 2026.<\/p>\n<p style=\"text-align: justify;\"><b>Animation de g\u00e9ants <br \/><\/b><strong>Cord\u00e9oneux,<\/strong> g\u00e9ant du quartier de Lille-Wazemmes <br \/><b>Jean Badoulet<\/b>, g\u00e9ant de Wahagnies <br \/><b>J\u00e9r\u00f4me le Meunier<\/b>, g\u00e9ant de Boeschepe\u00a0 <br \/><b>L\u00e9on<\/b>, g\u00e9ant du Centre Historique minier de Lewarde <br \/><b>Louise<\/b>, g\u00e9ante de l\u2019association r\u00e9gionale \u00ab\u00a0La Ronde des G\u00e9ants\u00a0\u00bb <br \/><b>Lyd\u00e9ric<\/b>, Maison des g\u00e9ants d\u2019Ath <br \/><b>Marianne<\/b>, g\u00e9ante de l\u2019Association r\u00e9gionale \u00ab\u00a0La Ronde des G\u00e9ants\u00a0\u00bb <br \/><b>Narcisse<\/b>, le Petit Quinquin, g\u00e9ant du quartier de Lille Centre <br \/><b>P\u00e8re Fouettard<\/b>, grosse t\u00eate de l\u2019association r\u00e9gionale \u00ab\u00a0La Ronde des G\u00e9ants\u00a0\u00bb <br \/><b>Saint Nicolas<\/b>, g\u00e9ant de l\u2019association r\u00e9gionale \u00ab\u00a0La Ronde des G\u00e9ants\u00a0\u00bb<\/p>\n<p style=\"text-align: justify;\"><strong>Les g\u00e9ants<\/strong> seront <strong>anim\u00e9s par des porteurs<\/strong> <strong>samedi <\/strong>et <strong>dimanche <\/strong>de <strong>14h30 \u00e0 16h30<\/strong> et<strong> expos\u00e9s le reste du temps.\u00a0<\/strong>Avec la participation des Amis des g\u00e9ants de Lille.<\/p>\n<p style=\"text-align: justify;\"><strong>Secrets d\u2019ateliers\u00a0<\/strong><br \/><strong>Artisan d\u2019art <\/strong>et <strong>cr\u00e9ateur de g\u00e9ants, Dorian Demarcq<\/strong> partagera <strong>ses secrets de fabrication :<\/strong> du <strong>croquis <\/strong>aux <strong>plans techniques,<\/strong> de la<strong> sculpture en argile au tirage papier<\/strong> en passant par le<strong> moule en pl\u00e2tre, <\/strong>de la <strong>peinture \u00e0 l\u2019habillage.\u00a0 <\/strong><br \/>Samedi et dimanche \u00e0 14h30 et 16h30.\u00a0<\/p>\n<p style=\"text-align: justify;\">Programme autour des collections<br \/><strong>Visites guid\u00e9es <br \/>Visite chefs-d\u2019\u0153uvre \u2022 Du tableau \u00e0 l\u2019espace du mus\u00e9e : \u00e0 la d\u00e9couverte de l\u2019abstraction \u2022 Acquisitions r\u00e9alis\u00e9es gr\u00e2ce aux Amis des mus\u00e9es de Lille \u2022 Du vin, des vases et un scanner<\/strong> (d\u00e9partement Antiquit\u00e9s) <strong>\u2022 Le zoo immobile \u2022 Sur la route de la soie <\/strong><br \/>Sur inscription\u00a0\u00e0 l\u2019accueil du mus\u00e9e.<\/p>\n<p style=\"text-align: justify;\"><strong>Ateliers d\u2019arts plastiques <\/strong><br \/><strong>Des ateliers con\u00e7us pour tous les \u00e2ges,<\/strong> pour <strong>explorer l\u2019architecture <\/strong>et les <strong>chefs-d\u2019\u0153uvre<\/strong> <strong>du mus\u00e9e<\/strong> \u00e0 travers <strong>diff\u00e9rentes exp\u00e9rimentations plastiques.<\/strong><br \/>Samedi et dimanche de\u00a014h \u00e0 18h, en continu. Sans r\u00e9servation. RDC, Rotonde Fr\u00e9miet<\/p>\n<p><strong>Livrets de visite ar(t)-chitecture et parcours \u00ab\u00a0chasse aux tr\u00e9sors\u00a0\u00bb sp\u00e9cial famille<\/strong><\/p>\n<p><strong><img loading=\"lazy\" decoding=\"async\" class=\"size-full wp-image-45 lazyloaded tie-appear\" src=\"https:\/\/www.europesays.com\/fr\/wp-content\/uploads\/2025\/04\/arrow.png\" alt=\"\" width=\"9\" height=\"9\" data-lazy-src=\"https:\/\/www.europesays.com\/fr\/wp-content\/uploads\/2025\/04\/arrow.png\"\/><\/strong> <a href=\"http:\/\/www.pba-lille.fr\/\" target=\"_blank\" rel=\"noopener noreferrer\">Site internet du Palais des Beaux Arts<\/a><\/p>\n<p style=\"text-align: justify;\"><strong>Et aussi, \u00e0 l\u2019H\u00f4tel de Ville : Les G\u00e9ants de Lille\u00a0\u00a0<\/strong><br \/>(<strong>Re)d\u00e9couvrez ces ic\u00f4nes du Nord <\/strong>\u00e0 travers le<strong> r\u00e9cit de contes<\/strong> et <strong>l\u00e9gendes,<\/strong> des <strong>ateliers anim\u00e9s<\/strong> par les <strong>Rencontres Audiovisuelles, lille3000<\/strong> et les <strong>Archives Municipales, <\/strong>et <strong>une exposition de g\u00e9ants.<\/strong> <strong>Le spectacle \u00ab\u00a0Le grand combat des g\u00e9ants\u00a0\u00bb<\/strong> de la <strong>compagnie du Tire Laine cl\u00f4turera l\u2019\u00e9v\u00e9nement.<\/strong> <br \/>H\u00f4tel de ville, samedi de 14h \u00e0 18h. Entr\u00e9e libre<\/p>\n<p class=\"has-text-align-right\">Source &amp; image : \u00a9 Palais des Beaux-Arts de Lille<\/p>\n","protected":false},"excerpt":{"rendered":"Samedi 20 &amp; dimanche 21 septembre 2025 de 10h \u00e0 18h, le Palais des Beaux-Arts de Lille organise&hellip;\n","protected":false},"author":2,"featured_media":385977,"comment_status":"","ping_status":"","sticky":false,"template":"","format":"standard","meta":{"footnotes":""},"categories":[2815],"tags":[1111,11,1777,674,1011,27,4926,811,49065,51851,1307,12,3368,25],"class_list":{"0":"post-385976","1":"post","2":"type-post","3":"status-publish","4":"format-standard","5":"has-post-thumbnail","7":"category-lille","8":"tag-actu","9":"tag-actualites","10":"tag-eu","11":"tag-europe","12":"tag-fr","13":"tag-france","14":"tag-geants","15":"tag-hauts-de-france","16":"tag-jep2025","17":"tag-journees-europeennes-du-patrimoine-2025","18":"tag-lille","19":"tag-news","20":"tag-palais-des-beaux-arts-de-lille","21":"tag-republique-francaise"},"share_on_mastodon":{"url":"https:\/\/pubeurope.com\/@fr\/115192855918254509","error":""},"_links":{"self":[{"href":"https:\/\/www.europesays.com\/fr\/wp-json\/wp\/v2\/posts\/385976","targetHints":{"allow":["GET"]}}],"collection":[{"href":"https:\/\/www.europesays.com\/fr\/wp-json\/wp\/v2\/posts"}],"about":[{"href":"https:\/\/www.europesays.com\/fr\/wp-json\/wp\/v2\/types\/post"}],"author":[{"embeddable":true,"href":"https:\/\/www.europesays.com\/fr\/wp-json\/wp\/v2\/users\/2"}],"replies":[{"embeddable":true,"href":"https:\/\/www.europesays.com\/fr\/wp-json\/wp\/v2\/comments?post=385976"}],"version-history":[{"count":0,"href":"https:\/\/www.europesays.com\/fr\/wp-json\/wp\/v2\/posts\/385976\/revisions"}],"wp:featuredmedia":[{"embeddable":true,"href":"https:\/\/www.europesays.com\/fr\/wp-json\/wp\/v2\/media\/385977"}],"wp:attachment":[{"href":"https:\/\/www.europesays.com\/fr\/wp-json\/wp\/v2\/media?parent=385976"}],"wp:term":[{"taxonomy":"category","embeddable":true,"href":"https:\/\/www.europesays.com\/fr\/wp-json\/wp\/v2\/categories?post=385976"},{"taxonomy":"post_tag","embeddable":true,"href":"https:\/\/www.europesays.com\/fr\/wp-json\/wp\/v2\/tags?post=385976"}],"curies":[{"name":"wp","href":"https:\/\/api.w.org\/{rel}","templated":true}]}}