{"id":385978,"date":"2025-09-12T18:57:11","date_gmt":"2025-09-12T18:57:11","guid":{"rendered":"https:\/\/www.europesays.com\/fr\/385978\/"},"modified":"2025-09-12T18:57:11","modified_gmt":"2025-09-12T18:57:11","slug":"calvin-verdonk-explique-pourquoi-il-a-prefere-lindonesie-aux-pays-bas","status":"publish","type":"post","link":"https:\/\/www.europesays.com\/fr\/385978\/","title":{"rendered":"Calvin Verdonk explique pourquoi il a pr\u00e9f\u00e9r\u00e9 l\u2019Indon\u00e9sie aux Pays-Bas"},"content":{"rendered":"<p>Cette saison, la <a href=\"https:\/\/www.footmercato.net\/france\/ligue-1\/\" rel=\"nofollow noopener\" target=\"_blank\">Ligue 1<\/a> va d\u00e9couvrir le premier joueur indon\u00e9sien de son histoire avec l\u2019arriv\u00e9e de <a href=\"https:\/\/www.footmercato.net\/joueur\/calvin-verdonk\/\" rel=\"nofollow noopener\" target=\"_blank\">Calvin Verdonk<\/a> (28 ans) au LOSC. Recrut\u00e9 pour 3 M\u20ac, le lat\u00e9ral avait pourtant le choix d\u2019\u00e9voluer pour les Pays-Bas. Pr\u00e9sent\u00e9 ce vendredi aux m\u00e9dias, il a expliqu\u00e9 les raisons qui l\u2019ont pouss\u00e9 \u00e0 dire oui \u00e0 l\u2019Indon\u00e9sie. <\/p>\n<p>            La suite apr\u00e8s cette publicit\u00e9<\/p>\n<p>\u00ab\u00a0Ma m\u00e8re est n\u00e9e aux Pays-Bas et mon p\u00e8re en Indon\u00e9sie. J\u2019ai eu le choix de jouer pour les Pays-Bas et l\u2019Indon\u00e9sie. J\u2019ai port\u00e9 le maillot des Pays-Bas plus jaune, mais l\u2019ancien coach national indon\u00e9sien m\u2019a demand\u00e9 de jouer pour eux. J\u2019ai vu que le football se d\u00e9veloppait l\u00e0-bas, et on se disait qu\u2019il y avait quelque chose \u00e0 faire, et le but de se qualifier pour la Coupe du Monde\u00a0\u00bb, a-t-il confi\u00e9 en conf\u00e9rence de presse.<\/p>\n<p>\n    Pub. le 12\/09\/2025 20:38<br \/>\n            &#8211; MAJ le 12\/09\/2025 20:47\n    <\/p>\n","protected":false},"excerpt":{"rendered":"Cette saison, la Ligue 1 va d\u00e9couvrir le premier joueur indon\u00e9sien de son histoire avec l\u2019arriv\u00e9e de Calvin&hellip;\n","protected":false},"author":2,"featured_media":385979,"comment_status":"","ping_status":"","sticky":false,"template":"","format":"standard","meta":{"footnotes":""},"categories":[2815],"tags":[1111,11,1777,674,1011,27,811,1307,12,25],"class_list":{"0":"post-385978","1":"post","2":"type-post","3":"status-publish","4":"format-standard","5":"has-post-thumbnail","7":"category-lille","8":"tag-actu","9":"tag-actualites","10":"tag-eu","11":"tag-europe","12":"tag-fr","13":"tag-france","14":"tag-hauts-de-france","15":"tag-lille","16":"tag-news","17":"tag-republique-francaise"},"share_on_mastodon":{"url":"https:\/\/pubeurope.com\/@fr\/115192859611848705","error":""},"_links":{"self":[{"href":"https:\/\/www.europesays.com\/fr\/wp-json\/wp\/v2\/posts\/385978","targetHints":{"allow":["GET"]}}],"collection":[{"href":"https:\/\/www.europesays.com\/fr\/wp-json\/wp\/v2\/posts"}],"about":[{"href":"https:\/\/www.europesays.com\/fr\/wp-json\/wp\/v2\/types\/post"}],"author":[{"embeddable":true,"href":"https:\/\/www.europesays.com\/fr\/wp-json\/wp\/v2\/users\/2"}],"replies":[{"embeddable":true,"href":"https:\/\/www.europesays.com\/fr\/wp-json\/wp\/v2\/comments?post=385978"}],"version-history":[{"count":0,"href":"https:\/\/www.europesays.com\/fr\/wp-json\/wp\/v2\/posts\/385978\/revisions"}],"wp:featuredmedia":[{"embeddable":true,"href":"https:\/\/www.europesays.com\/fr\/wp-json\/wp\/v2\/media\/385979"}],"wp:attachment":[{"href":"https:\/\/www.europesays.com\/fr\/wp-json\/wp\/v2\/media?parent=385978"}],"wp:term":[{"taxonomy":"category","embeddable":true,"href":"https:\/\/www.europesays.com\/fr\/wp-json\/wp\/v2\/categories?post=385978"},{"taxonomy":"post_tag","embeddable":true,"href":"https:\/\/www.europesays.com\/fr\/wp-json\/wp\/v2\/tags?post=385978"}],"curies":[{"name":"wp","href":"https:\/\/api.w.org\/{rel}","templated":true}]}}