{"id":385980,"date":"2025-09-12T18:58:09","date_gmt":"2025-09-12T18:58:09","guid":{"rendered":"https:\/\/www.europesays.com\/fr\/385980\/"},"modified":"2025-09-12T18:58:09","modified_gmt":"2025-09-12T18:58:09","slug":"le-crs-en-burn-out-setait-reconverti-en-trafiquant-de-drogue","status":"publish","type":"post","link":"https:\/\/www.europesays.com\/fr\/385980\/","title":{"rendered":"le CRS en burn-out s&rsquo;\u00e9tait reconverti en trafiquant de drogue"},"content":{"rendered":"<p>Dans le box, un policier encadr\u00e9 de policiers. C&rsquo;est sous le regard attentif de ses ex-coll\u00e8gues que la carri\u00e8re dans les forces de l&rsquo;ordre d&rsquo;Alexandre F. s&rsquo;est achev\u00e9e dans cette salle d&rsquo;audience du tribunal judiciaire de <a href=\"https:\/\/www.laprovence.com\/bouches-du-rhone\/marseille-13055\" target=\"_blank\" rel=\"noopener\">Marseille<\/a>. Ce vendredi 12 septembre, ce <a href=\"https:\/\/www.laprovence.com\/article\/faits-divers-justice\/1101157461647414\/calanque-de-sormiou-les-crs-efficaces-face-a-la-delinquance-qui-polluait-la-plage\" target=\"_blank\" rel=\"noopener\">CRS<\/a> marseillais de 30 ans a \u00e9t\u00e9 jug\u00e9 et condamn\u00e9 pour <a href=\"https:\/\/www.laprovence.com\/article\/faits-divers-justice\/1613879758107415\/marseille-le-trafic-de-drogue-regagne-du-terrain-a-la-cite-de-la-castellane\" target=\"_blank\" rel=\"noopener\">trafic de stup\u00e9fiants<\/a>\u00a0et <a href=\"https:\/\/www.laprovence.com\/article\/region\/2950774438312415\/violences-conjugales-les-sentinelles-de-l-hopital-de-la-timone-a-marseille-au-secours-des-victimes-de-violences-conjugales\" target=\"_blank\" rel=\"noopener\">violences conjugales<\/a>. Une affaire rocambolesque, qui a sid\u00e9r\u00e9 jusqu&rsquo;aux plus aguerris des magistrats qui ont eu \u00e0 d\u00e9cider du sort de ce pr\u00e9venu hors norme.<\/p>\n<p>La sc\u00e8ne qui lui a valu de passer de l&rsquo;autre c\u00f4t\u00e9 de la justice remonte au 7 septembre, rue Saint-Bazile, dans le quartier des R\u00e9form\u00e9s \u00e0 Marseille. Alexandre F. se trouvait dans sa voiture avec sa compagne. Une habitante, alert\u00e9e par les cris de la jeune femme, avait appel\u00e9 la police qui avait contr\u00f4l\u00e9 le couple, soup\u00e7onnant des violences conjugales. Le CRS s&rsquo;\u00e9tait pr\u00e9sent\u00e9 comme un policier en arr\u00eat maladie, avait expliqu\u00e9 que sa compagne souffrait d&rsquo;une crise de panique et avait cherch\u00e9 sa carte professionnelle dans son t\u00e9l\u00e9phone\u2026 d\u00e9voilant au passage des messages incriminants sur son smartphone.<\/p>\n<p>Coca\u00efne, MDMA, 3MMC, cannabis\u2026<\/p>\n<p>Plac\u00e9 en garde \u00e0 vue, Alexandre F. avait fini par admettre avoir mi&#8230;<\/p>\n","protected":false},"excerpt":{"rendered":"Dans le box, un policier encadr\u00e9 de policiers. C&rsquo;est sous le regard attentif de ses ex-coll\u00e8gues que la&hellip;\n","protected":false},"author":2,"featured_media":385981,"comment_status":"","ping_status":"","sticky":false,"template":"","format":"standard","meta":{"footnotes":""},"categories":[2814],"tags":[17,1111,11,1102,7261,12513,1052,1777,674,274,1011,27,884,12,882,51852,25,32321,7753],"class_list":{"0":"post-385980","1":"post","2":"type-post","3":"status-publish","4":"format-standard","5":"has-post-thumbnail","7":"category-marseille","8":"tag-17","9":"tag-actu","10":"tag-actualites","11":"tag-breakingnews","12":"tag-burn-out","13":"tag-crs","14":"tag-drogue","15":"tag-eu","16":"tag-europe","17":"tag-faits-divers-justice","18":"tag-fr","19":"tag-france","20":"tag-marseille","21":"tag-news","22":"tag-provence-alpes-cote-dazur","23":"tag-reconverti","24":"tag-republique-francaise","25":"tag-setait","26":"tag-trafiquant"},"share_on_mastodon":{"url":"https:\/\/pubeurope.com\/@fr\/115192863443841107","error":""},"_links":{"self":[{"href":"https:\/\/www.europesays.com\/fr\/wp-json\/wp\/v2\/posts\/385980","targetHints":{"allow":["GET"]}}],"collection":[{"href":"https:\/\/www.europesays.com\/fr\/wp-json\/wp\/v2\/posts"}],"about":[{"href":"https:\/\/www.europesays.com\/fr\/wp-json\/wp\/v2\/types\/post"}],"author":[{"embeddable":true,"href":"https:\/\/www.europesays.com\/fr\/wp-json\/wp\/v2\/users\/2"}],"replies":[{"embeddable":true,"href":"https:\/\/www.europesays.com\/fr\/wp-json\/wp\/v2\/comments?post=385980"}],"version-history":[{"count":0,"href":"https:\/\/www.europesays.com\/fr\/wp-json\/wp\/v2\/posts\/385980\/revisions"}],"wp:featuredmedia":[{"embeddable":true,"href":"https:\/\/www.europesays.com\/fr\/wp-json\/wp\/v2\/media\/385981"}],"wp:attachment":[{"href":"https:\/\/www.europesays.com\/fr\/wp-json\/wp\/v2\/media?parent=385980"}],"wp:term":[{"taxonomy":"category","embeddable":true,"href":"https:\/\/www.europesays.com\/fr\/wp-json\/wp\/v2\/categories?post=385980"},{"taxonomy":"post_tag","embeddable":true,"href":"https:\/\/www.europesays.com\/fr\/wp-json\/wp\/v2\/tags?post=385980"}],"curies":[{"name":"wp","href":"https:\/\/api.w.org\/{rel}","templated":true}]}}