{"id":385997,"date":"2025-09-12T19:08:10","date_gmt":"2025-09-12T19:08:10","guid":{"rendered":"https:\/\/www.europesays.com\/fr\/385997\/"},"modified":"2025-09-12T19:08:10","modified_gmt":"2025-09-12T19:08:10","slug":"des-composants-occidentaux-retrouves-dans-des-missiles-russes-tires-sur-kiev","status":"publish","type":"post","link":"https:\/\/www.europesays.com\/fr\/385997\/","title":{"rendered":"Des composants occidentaux retrouv\u00e9s dans des missiles russes tir\u00e9s sur Kiev"},"content":{"rendered":"<p>\u00abCompar\u00e9 aux fus\u00e9es des ann\u00e9es pr\u00e9c\u00e9dentes, il y a eu moins de composants en provenance d\u2019Europe et des \u00c9tats-Unis\u00bb, a n\u00e9anmoins observ\u00e9 Vladyslav Vlasiuk, missionn\u00e9 par le gouvernement ukrainien pour suivre l\u2019application des sanctions.<\/p>\n<p class=\"fig-paragraph\">La Russie, depuis de nombreux mois, poursuit une campagne de frappes sur les villes ukrainiennes, et singuli\u00e8rement la capitale, Kiev. Elle a lanc\u00e9, le 7 septembre,\u00a0<a href=\"http:\/\/www.lefigaro.fr\/flash-actu\/guerre-en-ukraine-apres-l-attaque-russe-d-une-ampleur-inedite-zelensky-compte-sur-une-reponse-forte-des-etats-unis-20250907\" target=\"_blank\" data-fig-type=\"NewsFlash\" rel=\"noopener\" data-gtm-custom-categorie=\"navigation\" data-gtm-custom-action=\"crossclick\" data-gtm-custom-label=\"Contextuel\" data-gtm-event=\"customEventSPE\" data-fig-domain=\"LEFIGARO\">sa plus grande vague de drones et missiles<\/a>\u00a0(respectivement 817 et 13) depuis le d\u00e9but de l\u2019invasion \u00e0 grande \u00e9chelle le 24 f\u00e9vrier 2022. \u00abL\u2019immeuble du gouvernement\u00bb, qui abrite le cabinet et le minist\u00e8re des Finances, a \u00e9t\u00e9 touch\u00e9. Il se situe \u00e0 quelques m\u00e8tres du Palais Mariinsky, r\u00e9sidence officielle du pr\u00e9sident de la R\u00e9publique. En examinant le missile Iskander russe, les autorit\u00e9s ukrainiennes ont eu la surprise d\u2019y retrouver des composants de fabrication \u00e9trang\u00e8re. \u00abUn japonais, un britannique, un suisse, cinq bi\u00e9lorusse et cinquante-sept russe\u00bb, a d\u00e9taill\u00e9 Vladyslav Vlasiuk, missionn\u00e9 par le gouvernement ukrainien dans le suivi de l\u2019application des sanctions,\u00a0<a href=\"https:\/\/www.facebook.com\/vladyslav.vlasiuk\/posts\/4010992555782125\" target=\"_blank\" rel=\"sponsored noopener\" data-gtm-custom-categorie=\"navigation\" data-gtm-custom-action=\"crossclick\" data-gtm-custom-label=\"Contextuel\" data-gtm-event=\"customEventSPE\">dans une publication Facebook<\/a> .<\/p>\n<p class=\"fig-paragraph\">\u00abParmi les fabricants \u00e9trangers figurent Texas Instruments, Analog Devises et Altera (\u00c9tats-Unis), College Electronics Ltd (Royaume-Uni), Fujitsu (Japon), Traco Power (Suisse), Integral AT (Bi\u00e9lorussie), Mikron AT Arrow Manufacturing Association, AT Angstrem AT Research and Construction Bureau \u00ab\u00a0Exiton\u00a0\u00bb, Karachev Plant \u00ab\u00a0Electrodetal\u00a0\u00bb (Russie)\u00bb, a-t-il expliqu\u00e9. Or, la Grande-Bretagne, comme de nombreuses nations occidentales, ont interdit l\u2019exportation de composants dits duaux, c\u2019est-\u00e0-dire \u00e0 usage civil et militaire, pour \u00e9viter leur utilisation par l\u2019arm\u00e9e russe. \u00abCompar\u00e9 aux fus\u00e9es des ann\u00e9es pr\u00e9c\u00e9dentes, il y a eu moins de composants en provenance d\u2019Europe et des \u00c9tats-Unis, et plus encore de Russie et de Bi\u00e9lorussie\u00bb, selon Vladyslav Vlasiuk.<\/p>\n<p>                                    <a class=\"fig-a11y-skip a11y-hidden\" href=\"#fig-a11y-skip-main-inarticle\"><br \/>\n        Passer la publicit\u00e9<br \/>\n    <\/a><\/p>\n<p class=\"fig-paragraph\">Toutefois, la Russie a r\u00e9ussi, via des r\u00e9seaux de contrebande \u00e0 obtenir certains de ces biens, pourtant sous sanctions. Pr\u00e9c\u00e9demment, Vladyslav Vlasiuk\u00a0<a href=\"https:\/\/www.reuters.com\/world\/europe\/ukraine-says-china-is-key-route-foreign-tech-russian-weapons-2024-09-24\/\" target=\"_blank\" rel=\"sponsored noopener\" data-gtm-custom-categorie=\"navigation\" data-gtm-custom-action=\"crossclick\" data-gtm-custom-label=\"Contextuel\" data-gtm-event=\"customEventSPE\">avait relev\u00e9 que<\/a>\u00a0\u00ab60% des composants \u00e9lectroniques pour tous les types d\u2019armes\u00bb sont d\u2019origine chinoise, pays alli\u00e9 de Moscou et qui n\u2019applique pas de sanctions. La Russie, pour cette attaque du 7 septembre, s\u2019est d\u00e9fendue en assurant viser \u00abdes sites du complexe militaro-industriel ukrainien et des infrastructures de transport\u00bb. \u00abJe ne suis pas content. Je ne suis pas content de la situation dans son ensemble\u00bb, avait r\u00e9agi Donald Trump.<\/p>\n","protected":false},"excerpt":{"rendered":"\u00abCompar\u00e9 aux fus\u00e9es des ann\u00e9es pr\u00e9c\u00e9dentes, il y a eu moins de composants en provenance d\u2019Europe et des&hellip;\n","protected":false},"author":2,"featured_media":385998,"comment_status":"","ping_status":"","sticky":false,"template":"","format":"standard","meta":{"footnotes":""},"categories":[1591],"tags":[11,1887,3482,11229,12,1885,1886,132],"class_list":{"0":"post-385997","1":"post","2":"type-post","3":"status-publish","4":"format-standard","5":"has-post-thumbnail","7":"category-russie","8":"tag-actualites","9":"tag-federation-de-russie","10":"tag-guerre-russie-ukraine","11":"tag-kiev","12":"tag-news","13":"tag-russia","14":"tag-russian-federation","15":"tag-russie"},"share_on_mastodon":{"url":"https:\/\/pubeurope.com\/@fr\/115192902784003525","error":""},"_links":{"self":[{"href":"https:\/\/www.europesays.com\/fr\/wp-json\/wp\/v2\/posts\/385997","targetHints":{"allow":["GET"]}}],"collection":[{"href":"https:\/\/www.europesays.com\/fr\/wp-json\/wp\/v2\/posts"}],"about":[{"href":"https:\/\/www.europesays.com\/fr\/wp-json\/wp\/v2\/types\/post"}],"author":[{"embeddable":true,"href":"https:\/\/www.europesays.com\/fr\/wp-json\/wp\/v2\/users\/2"}],"replies":[{"embeddable":true,"href":"https:\/\/www.europesays.com\/fr\/wp-json\/wp\/v2\/comments?post=385997"}],"version-history":[{"count":0,"href":"https:\/\/www.europesays.com\/fr\/wp-json\/wp\/v2\/posts\/385997\/revisions"}],"wp:featuredmedia":[{"embeddable":true,"href":"https:\/\/www.europesays.com\/fr\/wp-json\/wp\/v2\/media\/385998"}],"wp:attachment":[{"href":"https:\/\/www.europesays.com\/fr\/wp-json\/wp\/v2\/media?parent=385997"}],"wp:term":[{"taxonomy":"category","embeddable":true,"href":"https:\/\/www.europesays.com\/fr\/wp-json\/wp\/v2\/categories?post=385997"},{"taxonomy":"post_tag","embeddable":true,"href":"https:\/\/www.europesays.com\/fr\/wp-json\/wp\/v2\/tags?post=385997"}],"curies":[{"name":"wp","href":"https:\/\/api.w.org\/{rel}","templated":true}]}}