{"id":386001,"date":"2025-09-12T19:10:15","date_gmt":"2025-09-12T19:10:15","guid":{"rendered":"https:\/\/www.europesays.com\/fr\/386001\/"},"modified":"2025-09-12T19:10:15","modified_gmt":"2025-09-12T19:10:15","slug":"ils-lont-livre-a-la-police-comment-les-proches-du-suspect-du-meurtre-de-charlie-kirk-ont-conduit-a-son-interpellation","status":"publish","type":"post","link":"https:\/\/www.europesays.com\/fr\/386001\/","title":{"rendered":"\u00ab\u00a0Ils l&rsquo;ont livr\u00e9 \u00e0 la police\u00a0\u00bb, comment les proches du suspect du m\u20acurtre de Charlie Kirk ont conduit \u00e0 son interpellation"},"content":{"rendered":"<p class=\"firstp\">Le gouverneur de l\u2019Utah, Spencer J. Cox, a annonc\u00e9 vendredi 12 septembre l\u2019arrestation du principal suspect dans le meurtre de <a href=\"https:\/\/www.senenews.com\/actualites\/international\/assassinat-de-charlie-kirk-le-gouverneur-de-lutah-devoile-lidentite-du-suspect-arrete_559062.html\" target=\"_blank\" rel=\"noopener\">Charlie Kirk<\/a>, influenceur conservateur am\u00e9ricain abattu deux jours plus t\u00f4t sur un campus universitaire.<\/p>\n<p>\u00ab Nous l\u2019avons attrap\u00e9 \u00bb, s\u2019est f\u00e9licit\u00e9 le gouverneur, confirmant la fin d\u2019une chasse \u00e0 l\u2019homme de plusieurs heures. Le suspect a \u00e9t\u00e9 identifi\u00e9 comme \u00e9tant Tyler Robinson. Selon le FBI, son interpellation a \u00e9t\u00e9 rendue possible gr\u00e2ce \u00e0 la coop\u00e9ration de son entourage.\n<\/p>\n<p>Lors d\u2019une conf\u00e9rence de presse, Spencer J. Cox a pr\u00e9cis\u00e9 que \u00ab le soir du 11 septembre, un membre de la famille de Tyler Robinson a contact\u00e9 un ami de la famille qui a contact\u00e9 le bureau du sh\u00e9rif avec des informations communiqu\u00e9es par Tyler Robinson \u00bb. Ces \u00e9l\u00e9ments ont ensuite \u00e9t\u00e9 transmis aux enqu\u00eateurs f\u00e9d\u00e9raux. \u00ab Les proches de Tyler Robinson ont pris des bonnes d\u00e9cisions, cela nous a permis de l\u2019interpeller \u00bb, a ajout\u00e9 le gouverneur, soulignant qu\u2019\u00ab ils l\u2019ont livr\u00e9 \u00e0 la police \u00bb.\n<\/p>\n<p>Les autorit\u00e9s ont \u00e9galement utilis\u00e9 les images de vid\u00e9osurveillance pour confirmer son identification. \u00ab Il a \u00e9t\u00e9 interpell\u00e9 le 12 avec des v\u00eatements similaires \u00bb \u00e0 ceux qu\u2019il portait lors de l\u2019attaque, a indiqu\u00e9 le gouverneur, ajoutant que le suspect \u00ab s\u2019est politis\u00e9 ces derni\u00e8res ann\u00e9es \u00bb et avait \u00e9t\u00e9 impliqu\u00e9 dans \u00ab un r\u00e9cent incident \u00bb.\n<\/p>\n<p>Selon le gouverneur Cox, lors d\u2019un d\u00eener avec un proche, Robinson avait exprim\u00e9 son aversion envers Charlie Kirk et ses positions politiques. Par ailleurs, des messages retrouv\u00e9s sur Discord par son colocataire ont r\u00e9v\u00e9l\u00e9 qu\u2019il aurait dissimul\u00e9 une arme dans des buissons et mentionn\u00e9 l\u2019\u00e9quipement utilis\u00e9 lors de l\u2019attaque.\n<\/p>\n<p>Le directeur du FBI, Kash Patel, a salu\u00e9 une arrestation r\u00e9alis\u00e9e en un temps \u00ab record \u00bb, soit 33 heures apr\u00e8s les faits. \u00ab Cela n\u2019aurait pas \u00e9t\u00e9 possible sans l\u2019aide du public qui a \u00e9t\u00e9 utile \u00bb, a-t-il insist\u00e9, \u00e9voquant les nombreuses photos et vid\u00e9os transmises aux enqu\u00eateurs.<\/p>\n<p>Charlie Kirk, \u00e2g\u00e9 de 31 ans, a \u00e9t\u00e9 tu\u00e9 par balle mercredi 10 septembre lors d\u2019une r\u00e9union publique organis\u00e9e en plein air dans une universit\u00e9 de l\u2019Utah. Sa mort a provoqu\u00e9 une onde de choc dans un pays d\u00e9j\u00e0 marqu\u00e9 par de profondes divisions politiques.<\/p>\n","protected":false},"excerpt":{"rendered":"Le gouverneur de l\u2019Utah, Spencer J. Cox, a annonc\u00e9 vendredi 12 septembre l\u2019arrestation du principal suspect dans le&hellip;\n","protected":false},"author":2,"featured_media":386002,"comment_status":"","ping_status":"","sticky":false,"template":"","format":"standard","meta":{"footnotes":""},"categories":[1589],"tags":[11,51856,73,1866,14,12,104,1864,1865,1863,308],"class_list":{"0":"post-386001","1":"post","2":"type-post","3":"status-publish","4":"format-standard","5":"has-post-thumbnail","7":"category-etats-unis","8":"tag-actualites","9":"tag-charlie-kirk","10":"tag-etats-unis","11":"tag-etats-unis-damerique","12":"tag-international","13":"tag-news","14":"tag-societe","15":"tag-united-states","16":"tag-united-states-of-america","17":"tag-us","18":"tag-usa"},"share_on_mastodon":{"url":"https:\/\/pubeurope.com\/@fr\/115192910646598714","error":""},"_links":{"self":[{"href":"https:\/\/www.europesays.com\/fr\/wp-json\/wp\/v2\/posts\/386001","targetHints":{"allow":["GET"]}}],"collection":[{"href":"https:\/\/www.europesays.com\/fr\/wp-json\/wp\/v2\/posts"}],"about":[{"href":"https:\/\/www.europesays.com\/fr\/wp-json\/wp\/v2\/types\/post"}],"author":[{"embeddable":true,"href":"https:\/\/www.europesays.com\/fr\/wp-json\/wp\/v2\/users\/2"}],"replies":[{"embeddable":true,"href":"https:\/\/www.europesays.com\/fr\/wp-json\/wp\/v2\/comments?post=386001"}],"version-history":[{"count":0,"href":"https:\/\/www.europesays.com\/fr\/wp-json\/wp\/v2\/posts\/386001\/revisions"}],"wp:featuredmedia":[{"embeddable":true,"href":"https:\/\/www.europesays.com\/fr\/wp-json\/wp\/v2\/media\/386002"}],"wp:attachment":[{"href":"https:\/\/www.europesays.com\/fr\/wp-json\/wp\/v2\/media?parent=386001"}],"wp:term":[{"taxonomy":"category","embeddable":true,"href":"https:\/\/www.europesays.com\/fr\/wp-json\/wp\/v2\/categories?post=386001"},{"taxonomy":"post_tag","embeddable":true,"href":"https:\/\/www.europesays.com\/fr\/wp-json\/wp\/v2\/tags?post=386001"}],"curies":[{"name":"wp","href":"https:\/\/api.w.org\/{rel}","templated":true}]}}