{"id":386005,"date":"2025-09-12T19:12:11","date_gmt":"2025-09-12T19:12:11","guid":{"rendered":"https:\/\/www.europesays.com\/fr\/386005\/"},"modified":"2025-09-12T19:12:11","modified_gmt":"2025-09-12T19:12:11","slug":"lallemagne-attend-la-grece-ou-la-turquie-en-finale","status":"publish","type":"post","link":"https:\/\/www.europesays.com\/fr\/386005\/","title":{"rendered":"L&rsquo;Allemagne attend la Gr\u00e8ce ou la Turquie en finale"},"content":{"rendered":"<p class=\"date\">\n                                                            Aur\u00e9lien Canot, Media365, publi\u00e9 le vendredi 12 septembre 2025 \u00e0 20h43\n                                                    <\/p>\n<p>Bourreau de la Finlande lors de la phase de poules, l&rsquo;Allemagne a de nouveau domin\u00e9 les Finlandais (98-86), ce vendredi \u00e0 Riga (Lettonie) dans la premi\u00e8re demi-finale de l&rsquo;Euro. Les champions du monde, en qu\u00eate d&rsquo;un nouveau sacre europ\u00e9en depuis 1993, affronteront la Gr\u00e8ce ou la Turquie pour le titre lors de leur premi\u00e8re finale dans la comp\u00e9tition depuis vingt ans.<\/p>\n<p>L&rsquo;Allemagne en finale de l&rsquo;Euro contre la Gr\u00e8ce ou la Turquie. Grands favoris de cet Euro qui a donn\u00e9 lieu \u00e0 beaucoup de surprises depuis le d\u00e9but de la comp\u00e9tition, les Allemands continuent d&rsquo;assumer leur rang. Vendredi \u00e0 Riga, les champions du monde ont de nouveau domin\u00e9 (98-86) cette \u00e9quipe de Finlande qu&rsquo;ils avaient pulv\u00e9ris\u00e9e (91-61) lors de la phases de poules. Une nouvelle victoire contre Lauri Markkanen et les siens qui a ouvert \u00e0 Dennis Schr\u00f6der, encore tr\u00e8s pr\u00e9cieux vendredi (26 points, 12 passes) et \u00e0 ses \u00e9quipiers les portes de leur premi\u00e8re finale dans un championnat d&rsquo;Europe depuis 2005 (NDLR : La troisi\u00e8me de leur histoire). Le dernier, et seul, sacre europ\u00e9en de cette Mannschaft reprise en main par l&rsquo;Espagnol Alex Mambru au lendemain de la quatri\u00e8me place des JO de Paris 2024, remonte, lui, \u00e0 1993. L&rsquo;Allemagne aura l&rsquo;occasion dimanche de grimper sur le toit du Vieux Continent trente-deux ans apr\u00e8s. Dans cette premi\u00e8re demi-finale, les Allemands ont dessin\u00e9 leur succ\u00e8s d\u00e8s la premi\u00e8re mi-temps, avec plus de soixante points marqu\u00e9s au cours des vingt premi\u00e8res minutes (61-47 \u00e0 la pause), une premi\u00e8re dans la comp\u00e9tition depuis quarante ans. Les Finlandais, gr\u00e2ce notamment \u00e0 Olivier Nkamhoua, tout pr\u00e8s d&rsquo;un double-double (21 points, 9 rebonds), se sont un temps relanc\u00e9s avant que cette \u00e9quipe d&rsquo;Allemagne irr\u00e9sistible depuis le d\u00e9but de cet Euro n&rsquo;appuie de nouveau sur l&rsquo;acc\u00e9l\u00e9rateur.<\/p>\n","protected":false},"excerpt":{"rendered":"Aur\u00e9lien Canot, Media365, publi\u00e9 le vendredi 12 septembre 2025 \u00e0 20h43 Bourreau de la Finlande lors de la&hellip;\n","protected":false},"author":2,"featured_media":386006,"comment_status":"","ping_status":"","sticky":false,"template":"","format":"standard","meta":{"footnotes":""},"categories":[1587],"tags":[11,672,1804,1805,1803,1777,674,1801,12,1802],"class_list":{"0":"post-386005","1":"post","2":"type-post","3":"status-publish","4":"format-standard","5":"has-post-thumbnail","7":"category-allemagne","8":"tag-actualites","9":"tag-allemagne","10":"tag-bundesrepublik-deutschland","11":"tag-de","12":"tag-deutschland","13":"tag-eu","14":"tag-europe","15":"tag-germany","16":"tag-news","17":"tag-republique-federale-dallemagne"},"share_on_mastodon":{"url":"https:\/\/pubeurope.com\/@fr\/115192918486035051","error":""},"_links":{"self":[{"href":"https:\/\/www.europesays.com\/fr\/wp-json\/wp\/v2\/posts\/386005","targetHints":{"allow":["GET"]}}],"collection":[{"href":"https:\/\/www.europesays.com\/fr\/wp-json\/wp\/v2\/posts"}],"about":[{"href":"https:\/\/www.europesays.com\/fr\/wp-json\/wp\/v2\/types\/post"}],"author":[{"embeddable":true,"href":"https:\/\/www.europesays.com\/fr\/wp-json\/wp\/v2\/users\/2"}],"replies":[{"embeddable":true,"href":"https:\/\/www.europesays.com\/fr\/wp-json\/wp\/v2\/comments?post=386005"}],"version-history":[{"count":0,"href":"https:\/\/www.europesays.com\/fr\/wp-json\/wp\/v2\/posts\/386005\/revisions"}],"wp:featuredmedia":[{"embeddable":true,"href":"https:\/\/www.europesays.com\/fr\/wp-json\/wp\/v2\/media\/386006"}],"wp:attachment":[{"href":"https:\/\/www.europesays.com\/fr\/wp-json\/wp\/v2\/media?parent=386005"}],"wp:term":[{"taxonomy":"category","embeddable":true,"href":"https:\/\/www.europesays.com\/fr\/wp-json\/wp\/v2\/categories?post=386005"},{"taxonomy":"post_tag","embeddable":true,"href":"https:\/\/www.europesays.com\/fr\/wp-json\/wp\/v2\/tags?post=386005"}],"curies":[{"name":"wp","href":"https:\/\/api.w.org\/{rel}","templated":true}]}}