{"id":386007,"date":"2025-09-12T19:13:17","date_gmt":"2025-09-12T19:13:17","guid":{"rendered":"https:\/\/www.europesays.com\/fr\/386007\/"},"modified":"2025-09-12T19:13:17","modified_gmt":"2025-09-12T19:13:17","slug":"selon-une-etude-cette-ville-francaise-tres-prisee-pour-les-vacances-serait-lune-des-plus-stressantes-deurope","status":"publish","type":"post","link":"https:\/\/www.europesays.com\/fr\/386007\/","title":{"rendered":"Selon une \u00e9tude, cette ville fran\u00e7aise tr\u00e8s pris\u00e9e pour les vacances serait l&rsquo;une des plus stressantes d&rsquo;Europe"},"content":{"rendered":"<ul class=\"jsx-862013697 ArticleChapo__List\">\n<li class=\"jsx-862013697 ArticleChapo__List_Item flex\">En raison de la pollution, des transports en commun et du tourisme, certaines villes sont per\u00e7ues comme stressantes.<\/li>\n<li class=\"jsx-862013697 ArticleChapo__List_Item flex\">R\u00e9cemment, la compagnie a\u00e9rienne Icelandair a d\u2019ailleurs dress\u00e9 un classement.<\/li>\n<li class=\"jsx-862013697 ArticleChapo__List_Item flex\">Selon l\u2019\u00e9tude, une grande ville fran\u00e7aise tr\u00e8s pris\u00e9e lors des vacances d\u2019\u00e9t\u00e9 a \u00e9t\u00e9 class\u00e9e deuxi\u00e8me ville la plus stressante d\u2019Europe.<\/li>\n<\/ul>\n<p data-module=\"article-paragraph\" class=\"jsx-3046738180 Paragraph Paragraph__End\">Lorsqu\u2019on parle de ville stressante, on cite <a href=\"https:\/\/www.tf1info.fr\/sante\/paris-l-une-des-villes-les-plus-stressantes-du-monde-ce-que-disent-les-etudes-2364358.html\" target=\"_blank\" rel=\"noopener\">souvent des m\u00e9tropoles<\/a> \u2013 telles que Paris, New York, Tokyo, Londres, P\u00e9kin ou encore Osaka \u2013 dans lesquelles le soleil n\u2019est pas toujours au rendez-vous et dans lesquelles les routes et les transports en commun sont souvent bond\u00e9s. Pourtant, il semblerait que d\u2019autres villes aient pris le relais. C\u2019est du moins ce que r\u00e9v\u00e8le une \u00e9tude men\u00e9e par la compagnie a\u00e9rienne Icelandair, qui a r\u00e9cemment \u00e9tabli un classement des villes les plus stressantes d\u2019Europe. Et le moins que l\u2019on puisse dire, c\u2019est qu\u2019une grosse surprise a \u00e9t\u00e9 observ\u00e9e en deuxi\u00e8me position : il s\u2019agit d\u2019une ville fran\u00e7aise tr\u00e8s pris\u00e9e pendant les vacances pour son ensoleillement et ses couleurs chatoyantes.<\/p>\n<p>Nice, la deuxi\u00e8me ville la plus stressante d\u2019Europe ?<\/p>\n<p data-module=\"article-paragraph\" class=\"jsx-3046738180 Paragraph Paragraph__End\">Selon Icelandair, la deuxi\u00e8me ville la plus stressante d\u2019Europe n\u2019est autre que <a href=\"https:\/\/www.tf1info.fr\/voyages\/un-week-end-a-nice-concentre-de-la-douceur-de-vivre-du-sud-1253805.html\" target=\"_blank\" rel=\"noopener\">Nice<\/a>, qui a \u00e9t\u00e9 devanc\u00e9e de peu par Florence, la capitale de la Toscane, en Italie. Pour arriver \u00e0 ce r\u00e9sultat tr\u00e8s surprenant, la compagnie a\u00e9rienne s\u2019est bas\u00e9e sur plusieurs crit\u00e8res : la densit\u00e9 touristique, le nombre d\u2019h\u00f4tels par km\u00b2, la pollution sonore et lumineuse ou encore le taux de criminalit\u00e9. Des marqueurs dans lesquels la ville de Nice ne fait pas toujours tr\u00e8s bonne figure. En effet, la capitale de la C\u00f4te d\u2019Azur subit une <a href=\"https:\/\/www.tf1info.fr\/regions\/video-reportage-c-est-tres-impressionnant-de-plus-en-plus-de-touristes-visitent-les-eoliennes-en-mer-au-large-de-saint-nazaire-en-loire-atlantique-2390189.html\" target=\"_blank\" rel=\"noopener\">pression touristique<\/a> tr\u00e8s forte avec ses 489 h\u00f4tels et ses 190 visiteurs par kilom\u00e8tre carr\u00e9 chaque jour. Dans son enqu\u00eate, Icelandair explique \u00e9galement que Nice poss\u00e8de le troisi\u00e8me pire indice de criminalit\u00e9 et la pollution lumineuse la plus \u00e9lev\u00e9e en Europe.<\/p>\n<p><a href=\"https:\/\/www.tf1info.fr\/voyages\/elles-visaient-to-nice-elles-ont-eu-tunis-tunisie-la-mesaventure-touristique-avion-vol-vecue-par-2-americaines-2393394.html\" rel=\"noopener\" class=\"jsx-3308031228 Link flex\" target=\"_blank\"><img decoding=\"async\" src=\"https:\/\/www.europesays.com\/fr\/wp-content\/uploads\/2025\/09\/classement-compagnies-de-vol-c85718-0@1x.jpeg\" alt=\"Getty Images\" loading=\"lazy\" importance=\"low\" fetchpriority=\"low\" class=\"\" aria-hidden=\"true\"\/><\/p>\n<p class=\"jsx-3657663356 ReadMoreArticle__Title\">Lire aussi<\/p>\n<p class=\"jsx-3657663356\">Elles visaient \u00ab\u00a0to Nice\u00a0\u00bb, elles ont eu Tunis : la m\u00e9saventure touristique v\u00e9cue par 2 Am\u00e9ricaines<\/p>\n<p><\/a>Des \u00e9tudes qui disent tout et leur contraire<\/p>\n<p data-module=\"article-paragraph\" class=\"jsx-3046738180 Paragraph Paragraph__End\">Le classement d\u00e9voil\u00e9 par Icelandair est toutefois \u00e0 prendre avec des pincettes puisqu\u2019il contredit d\u2019autres \u00e9tudes r\u00e9alis\u00e9es en amont. Il y a quelques mois, par exemple, la soci\u00e9t\u00e9 HAYPP annon\u00e7ait que Nice \u00e9tait la ville la plus relaxante d\u2019Europe pour les voyageurs en qu\u00eate d\u2019un petit s\u00e9jour printanier. La capitale de la C\u00f4te d\u2019Azur avait convaincu les auteurs de l\u2019\u00e9tude gr\u00e2ce \u00e0 son r\u00e9seau de transports en commun tr\u00e8s efficace, ses 97 centres de bien-\u00eatre, mais \u00e9galement pour son ensoleillement et ses 49 espaces naturels. Nice avait ainsi obtenu un score de relaxation 75,36 sur 100, lui permettant de devancer d\u2019autres villes apaisantes comme Oslo ou Vienne. Le caract\u00e8re stressant d\u2019une ville semble donc d\u00e9pendre des attentes, de la saison analys\u00e9e ou encore des crit\u00e8res de notation.<\/p>\n<p>Tanguy JAILLANT Pour TF1 INFO<\/p>\n","protected":false},"excerpt":{"rendered":"En raison de la pollution, des transports en commun et du tourisme, certaines villes sont per\u00e7ues comme stressantes.&hellip;\n","protected":false},"author":2,"featured_media":386008,"comment_status":"","ping_status":"","sticky":false,"template":"","format":"standard","meta":{"footnotes":""},"categories":[1586],"tags":[1111,11,1921,1777,674,1011,27,1922,12,2401,25,21573,133,45267,51857],"class_list":{"0":"post-386007","1":"post","2":"type-post","3":"status-publish","4":"format-standard","5":"has-post-thumbnail","7":"category-europe","8":"tag-actu","9":"tag-actualites","10":"tag-article-video","11":"tag-eu","12":"tag-europe","13":"tag-fr","14":"tag-france","15":"tag-info","16":"tag-news","17":"tag-nice","18":"tag-republique-francaise","19":"tag-tourisme-et-loisirs","20":"tag-video","21":"tag-video-voyages","22":"tag-voyages-internationaux"},"share_on_mastodon":{"url":"https:\/\/pubeurope.com\/@fr\/115192922723601806","error":""},"_links":{"self":[{"href":"https:\/\/www.europesays.com\/fr\/wp-json\/wp\/v2\/posts\/386007","targetHints":{"allow":["GET"]}}],"collection":[{"href":"https:\/\/www.europesays.com\/fr\/wp-json\/wp\/v2\/posts"}],"about":[{"href":"https:\/\/www.europesays.com\/fr\/wp-json\/wp\/v2\/types\/post"}],"author":[{"embeddable":true,"href":"https:\/\/www.europesays.com\/fr\/wp-json\/wp\/v2\/users\/2"}],"replies":[{"embeddable":true,"href":"https:\/\/www.europesays.com\/fr\/wp-json\/wp\/v2\/comments?post=386007"}],"version-history":[{"count":0,"href":"https:\/\/www.europesays.com\/fr\/wp-json\/wp\/v2\/posts\/386007\/revisions"}],"wp:featuredmedia":[{"embeddable":true,"href":"https:\/\/www.europesays.com\/fr\/wp-json\/wp\/v2\/media\/386008"}],"wp:attachment":[{"href":"https:\/\/www.europesays.com\/fr\/wp-json\/wp\/v2\/media?parent=386007"}],"wp:term":[{"taxonomy":"category","embeddable":true,"href":"https:\/\/www.europesays.com\/fr\/wp-json\/wp\/v2\/categories?post=386007"},{"taxonomy":"post_tag","embeddable":true,"href":"https:\/\/www.europesays.com\/fr\/wp-json\/wp\/v2\/tags?post=386007"}],"curies":[{"name":"wp","href":"https:\/\/api.w.org\/{rel}","templated":true}]}}