{"id":386009,"date":"2025-09-12T19:14:10","date_gmt":"2025-09-12T19:14:10","guid":{"rendered":"https:\/\/www.europesays.com\/fr\/386009\/"},"modified":"2025-09-12T19:14:10","modified_gmt":"2025-09-12T19:14:10","slug":"la-france-retarde-lunion-europeenne-en-vue-de-lobjectif-climatique-pour-2040-liberation","status":"publish","type":"post","link":"https:\/\/www.europesays.com\/fr\/386009\/","title":{"rendered":"La France retarde l\u2019Union europ\u00e9enne en vue de l\u2019objectif climatique pour\u00a02040 \u2013 Lib\u00e9ration"},"content":{"rendered":"<p class=\"sc-cPiKLX AiZTS text-element\">A quoi joue la France ? Voil\u00e0 des mois que l\u2019Union europ\u00e9enne se perd en atermoiements pour fixer son <a href=\"https:\/\/www.liberation.fr\/environnement\/climat\/baisse-des-emissions-de-gaz-a-effet-de-serre-il-en-va-de-la-credibilite-de-lunion-europeenne-20250324_UNUXBN4APRHFTOMYUA4FZCBQJM\/?redirected=1\" target=\"_blank\" rel=\"noopener\">\u00abobjectif climatique 2040\u00bb<\/a> et c\u2019est peu dire que Paris y endosse une lourde part de responsabilit\u00e9. Depuis le d\u00e9but de l\u2019ann\u00e9e, <a href=\"https:\/\/www.liberation.fr\/environnement\/climat\/pendant-que-leurope-suffoque-ses-dirigeants-se-divisent-sur-les-objectifs-climatiques-pour-2040-20250702_SN2FD4FGCFFE3IWWU6533KXGNA\/?redirected=1\" target=\"_blank\" rel=\"noopener\" title=\"https:\/\/www.liberation.fr\/environnement\/climat\/pendant-que-leurope-suffoque-ses-dirigeants-se-divisent-sur-les-objectifs-climatiques-pour-2040-20250702_SN2FD4FGCFFE3IWWU6533KXGNA\/?redirected=1\">les Vingt-sept s\u2019\u00e9charpent<\/a> sur la proposition port\u00e9e par la Commission de r\u00e9duire, d\u2019ici quinze ans, les \u00e9missions de gaz \u00e0 effet de serre de 90 % par rapport \u00e0 1990. <\/p>\n<p class=\"sc-cPiKLX AiZTS text-element\">Le dossier n\u2019est pas une petite affaire : le cap 2040 sera inscrit dans la loi europ\u00e9enne sur le climat, pilier du <a href=\"https:\/\/www.liberation.fr\/environnement\/europeennes-bete-noire-de-lextreme-droite-le-pacte-vert-est-il-menace-de-mort-20240616_HVQUUPVCMVEUDJLAY4XMKBWVI4\/\" target=\"_blank\" rel=\"noopener\" title=\"https:\/\/www.liberation.fr\/environnement\/europeennes-bete-noire-de-lextreme-droite-le-pacte-vert-est-il-menace-de-mort-20240616_HVQUUPVC &lt;div style=\" clear:=\"\" both=\"\"><\/p>\n","protected":false},"excerpt":{"rendered":"A quoi joue la France ? Voil\u00e0 des mois que l\u2019Union europ\u00e9enne se perd en atermoiements pour fixer&hellip;\n","protected":false},"author":2,"featured_media":386010,"comment_status":"","ping_status":"","sticky":false,"template":"","format":"standard","meta":{"footnotes":""},"categories":[1586],"tags":[11,35996,1777,674,1779,1011,27,12,5140,25,1778,364],"class_list":{"0":"post-386009","1":"post","2":"type-post","3":"status-publish","4":"format-standard","5":"has-post-thumbnail","7":"category-europe","8":"tag-actualites","9":"tag-cop","10":"tag-eu","11":"tag-europe","12":"tag-european-union","13":"tag-fr","14":"tag-france","15":"tag-news","16":"tag-rechauffement-climatique","17":"tag-republique-francaise","18":"tag-ue","19":"tag-union-europeenne"},"share_on_mastodon":{"url":"https:\/\/pubeurope.com\/@fr\/115192926294857378","error":""},"_links":{"self":[{"href":"https:\/\/www.europesays.com\/fr\/wp-json\/wp\/v2\/posts\/386009","targetHints":{"allow":["GET"]}}],"collection":[{"href":"https:\/\/www.europesays.com\/fr\/wp-json\/wp\/v2\/posts"}],"about":[{"href":"https:\/\/www.europesays.com\/fr\/wp-json\/wp\/v2\/types\/post"}],"author":[{"embeddable":true,"href":"https:\/\/www.europesays.com\/fr\/wp-json\/wp\/v2\/users\/2"}],"replies":[{"embeddable":true,"href":"https:\/\/www.europesays.com\/fr\/wp-json\/wp\/v2\/comments?post=386009"}],"version-history":[{"count":0,"href":"https:\/\/www.europesays.com\/fr\/wp-json\/wp\/v2\/posts\/386009\/revisions"}],"wp:featuredmedia":[{"embeddable":true,"href":"https:\/\/www.europesays.com\/fr\/wp-json\/wp\/v2\/media\/386010"}],"wp:attachment":[{"href":"https:\/\/www.europesays.com\/fr\/wp-json\/wp\/v2\/media?parent=386009"}],"wp:term":[{"taxonomy":"category","embeddable":true,"href":"https:\/\/www.europesays.com\/fr\/wp-json\/wp\/v2\/categories?post=386009"},{"taxonomy":"post_tag","embeddable":true,"href":"https:\/\/www.europesays.com\/fr\/wp-json\/wp\/v2\/tags?post=386009"}],"curies":[{"name":"wp","href":"https:\/\/api.w.org\/{rel}","templated":true}]}}