{"id":386022,"date":"2025-09-12T19:24:11","date_gmt":"2025-09-12T19:24:11","guid":{"rendered":"https:\/\/www.europesays.com\/fr\/386022\/"},"modified":"2025-09-12T19:24:11","modified_gmt":"2025-09-12T19:24:11","slug":"m-marquez-prend-les-choses-en-main-a-misano","status":"publish","type":"post","link":"https:\/\/www.europesays.com\/fr\/386022\/","title":{"rendered":"M.M\u00e1rquez prend les choses en main \u00e0 Misano"},"content":{"rendered":"<p>                M.M\u00e1rquez devant les locaux<\/p>\n<p>Les pilotes MotoGP\u2122 \u00e9taient de retour en piste \u00e0 Misano cet apr\u00e8s-midi pour prendre part \u00e0 la Practice du Grand Prix Red Bull de Saint-Marin et de la Riviera de Rimini. Relativement discret ce matin, Marc M\u00e1rquez (Ducati Lenovo Team) s&rsquo;illustre avec un tour \u00e9clair boucl\u00e9 en <strong>1&rsquo;30.480<\/strong>. Le sextuple Champion du Monde MotoGP\u2122 est un dixi\u00e8me et demi plus rapide que Marco Bezzecchi (Aprilia Racing), qui place son Aprilia en deuxi\u00e8me position. Le h\u00e9ros local devance son compatriote Franco Morbidelli (Pertamina Enduro VR46 Racing Team), toujours tr\u00e8s \u00e0 l&rsquo;aise sur ce trac\u00e9 qu&rsquo;il conna\u00eet si bien, comme en atteste sa performance en FP1.<\/p>\n<p>Bagnaia quatri\u00e8me<\/p>\n<p>Aux portes du top 10 ce matin, Francesco Bagnaia (Ducati Lenovo Team) s&rsquo;adjuge le quatri\u00e8me temps de l&rsquo;apr\u00e8s-midi et a de quoi \u00eatre optimiste pour la suite du week-end. Apr\u00e8s une visite pour le moins d\u00e9licate en Catalogne, le n\u00b063 aura \u00e0 c\u0153ur de rebondir dans son jardin de Misano. Il devance Alex M\u00e1rquez (BK8 Gresini Racing MotoGP\u2122), moins rapide qu&rsquo;\u00e0 Barcelone dimanche mais tout de m\u00eame comp\u00e9titif. Le pilote Gresini se hisse devant Joan Mir (Honda HRC Castrol), victime d&rsquo;une chute dans cette s\u00e9ance. Le Champion du Monde 2020 obtient tout de m\u00eame son billet pour la Q2 tout comme son co\u00e9quipier Luca Marini (Honda HRC Castrol), qui int\u00e8gre le top 10 dans son dernier effort.<\/p>\n<p>Les Fran\u00e7ais \u00e9chouent de peu<\/p>\n<p>Battu l&rsquo;an dernier dans les derniers tours ici, Jorge Mart\u00edn (Aprilia Racing) est huiti\u00e8me de la Practice devant Pedro Acosta (Red Bull KTM Factory Racing), seul repr\u00e9sentant de KTM dans ce top 10. Le n\u00b037 est talonn\u00e9 par Fabio Di Giannantonio (Pertamina Enduro VR46 Racing Team), dernier qualifi\u00e9 d&rsquo;office pour la Q2. Malheureusement, cette fin de s\u00e9ance n&rsquo;aura pas souri \u00e0 nos Fran\u00e7ais. Respectivement 11e et 12e, Johann Zarco (LCR Honda) et Fabio Quartararo (Monster Energy Yamaha MotoGP\u2122) \u00e9chouent aux portes de la Q2 et devront s&#8217;employer lors des rep\u00eachages demain. Au cours de cette s\u00e9ance, ils devront notamment faire face \u00e0 Brad Binder (Red Bull KTM Factory Racing), Ferm\u00edn Aldeguer (BK8 Gresini Racing MotoGP\u2122) ou encore Enea Bastianini (Red Bull KTM Tech3), impressionnant au GP de Catalogne. On notera \u00e9galement les chutes d&rsquo;Augusto Fern\u00e1ndez (Yamaha Factory Racing Team), Ra\u00fal Fern\u00e1ndez (Trackhouse MotoGP\u2122 Team) et Jack Miller (Prima Pramac Yamaha).<\/p>\n<p>Les qualifications du MotoGP\u2122 \u00e0 Misano auront lieu samedi \u00e0 10h50.<\/p>\n<p>\n                                Fabio Di Giannantonio, Pertamina Enduro VR46 Racing Team, Red Bull Grand Prix of San Marino and the Rimini Riviera\n                        <\/p>\n<p>\n                                Joan Mir, Honda HRC Castrol, Red Bull Grand Prix of San Marino and the Rimini Riviera\n                        <\/p>\n<p>\n                                Marco Bezzecchi, Aprilia Racing, Red Bull Grand Prix of San Marino and the Rimini Riviera\n                        <\/p>\n<p>\n                                MotoGP\u2122, Red Bull Grand Prix of San Marino and the Rimini Riviera\n                        <\/p>\n<p>\n                                Pedro Acosta, Red Bull KTM Factory Racing, Red Bull Grand Prix of San Marino and the Rimini Riviera\n                        <\/p>\n<p>\n                                Jorge Martin, Aprilia Racing, Red Bull Grand Prix of San Marino and the Rimini Riviera\n                        <\/p>\n<p>\n                                Marc Marquez, Ducati Lenovo Team, Red Bull Grand Prix of San Marino and the Rimini Riviera\n                        <\/p>\n<p>\n                                Alex Marquez, BK8 Gresini Racing MotoGP\u2122, Red Bull Grand Prix of San Marino and the Rimini Riviera\n                        <\/p>\n<p>\n                                Francesco Bagnaia, Ducati Lenovo Team, Red Bull Grand Prix of San Marino and the Rimini Riviera\n                        <\/p>\n<p>\n                                Enea Bastianini, Francesco Bagnaia, Red Bull Grand Prix of San Marino and the Rimini Riviera\n                        <\/p>\n<p>\n                                Franco Morbidelli, Pertamina Enduro VR46 Racing Team, Red Bull Grand Prix of San Marino and the Rimini Riviera\n                        <\/p>\n<p>\n                                Fabio Quartararo, Monster Energy Yamaha MotoGP\u2122 Team, Red Bull Grand Prix of San Marino and the Rimini Riviera\n                        <\/p>\n<p>\n                                Marco Bezzecchi, Aprilia Racing, Red Bull Grand Prix of San Marino and the Rimini Riviera\n                        <\/p>\n<p>\n                                Alex Marquez, BK8 Gresini Racing MotoGP\u2122, Red Bull Grand Prix of San Marino and the Rimini Riviera\n                        <\/p>\n<p>\n                                Fabio Di Giannantonio, Pertamina Enduro VR46 Racing Team, Red Bull Grand Prix of San Marino and the Rimini Riviera\n                        <\/p>\n<p>\n                                Francesco Bagnaia, Ducati Lenovo Team, Red Bull Grand Prix of San Marino and the Rimini Riviera\n                        <\/p>\n<p>\n                                Marc Marquez, Ducati Lenovo Team, Red Bull Grand Prix of San Marino and the Rimini Riviera\n                        <\/p>\n<p>\n                                Enea Bastianini, Pedro Acosta, Red Bull Grand Prix of San Marino and the Rimini Riviera\n                        <\/p>\n<p>\n                                Fabio Quartararo, Monster Energy Yamaha MotoGP\u2122 Team, Red Bull Grand Prix of San Marino and the Rimini Riviera\n                        <\/p>\n<p>\n                                Marc Marquez, Ducati Lenovo Team, Red Bull Grand Prix of San Marino and the Rimini Riviera\n                        <\/p>\n<p lang=\"fr-FR\">Cliquez <a href=\"https:\/\/www.motogp.com\/fr\/gp-results\/2025\/rsm\/motogp\/pr\/classification\" rel=\"nofollow noopener\" target=\"_blank\">ici<\/a> pour acc\u00e9der aux r\u00e9sultats.<\/p>\n","protected":false},"excerpt":{"rendered":"M.M\u00e1rquez devant les locaux Les pilotes MotoGP\u2122 \u00e9taient de retour en piste \u00e0 Misano cet apr\u00e8s-midi pour prendre&hellip;\n","protected":false},"author":2,"featured_media":386023,"comment_status":"","ping_status":"","sticky":false,"template":"","format":"standard","meta":{"footnotes":""},"categories":[1413],"tags":[1011,27,1457,1456,60,2032],"class_list":{"0":"post-386022","1":"post","2":"type-post","3":"status-publish","4":"format-standard","5":"has-post-thumbnail","7":"category-moto","8":"tag-fr","9":"tag-france","10":"tag-moto","11":"tag-motocycle","12":"tag-sports","13":"tag-text"},"share_on_mastodon":{"url":"https:\/\/pubeurope.com\/@fr\/115192965619986869","error":""},"_links":{"self":[{"href":"https:\/\/www.europesays.com\/fr\/wp-json\/wp\/v2\/posts\/386022","targetHints":{"allow":["GET"]}}],"collection":[{"href":"https:\/\/www.europesays.com\/fr\/wp-json\/wp\/v2\/posts"}],"about":[{"href":"https:\/\/www.europesays.com\/fr\/wp-json\/wp\/v2\/types\/post"}],"author":[{"embeddable":true,"href":"https:\/\/www.europesays.com\/fr\/wp-json\/wp\/v2\/users\/2"}],"replies":[{"embeddable":true,"href":"https:\/\/www.europesays.com\/fr\/wp-json\/wp\/v2\/comments?post=386022"}],"version-history":[{"count":0,"href":"https:\/\/www.europesays.com\/fr\/wp-json\/wp\/v2\/posts\/386022\/revisions"}],"wp:featuredmedia":[{"embeddable":true,"href":"https:\/\/www.europesays.com\/fr\/wp-json\/wp\/v2\/media\/386023"}],"wp:attachment":[{"href":"https:\/\/www.europesays.com\/fr\/wp-json\/wp\/v2\/media?parent=386022"}],"wp:term":[{"taxonomy":"category","embeddable":true,"href":"https:\/\/www.europesays.com\/fr\/wp-json\/wp\/v2\/categories?post=386022"},{"taxonomy":"post_tag","embeddable":true,"href":"https:\/\/www.europesays.com\/fr\/wp-json\/wp\/v2\/tags?post=386022"}],"curies":[{"name":"wp","href":"https:\/\/api.w.org\/{rel}","templated":true}]}}