{"id":386024,"date":"2025-09-12T19:25:12","date_gmt":"2025-09-12T19:25:12","guid":{"rendered":"https:\/\/www.europesays.com\/fr\/386024\/"},"modified":"2025-09-12T19:25:12","modified_gmt":"2025-09-12T19:25:12","slug":"en-video-le-premier-but-de-benjamin-pavard-avec-marseille","status":"publish","type":"post","link":"https:\/\/www.europesays.com\/fr\/386024\/","title":{"rendered":"en vid\u00e9o, le premier but de Benjamin Pavard avec Marseille"},"content":{"rendered":"<p>Pour sa premi\u00e8re titularisation avec l\u2019Olympique de Marseille, le d\u00e9fenseur international fran\u00e7ais Benjamin Pavard a fait vibrer le V\u00e9lodrome en inscrivant un but.<\/p>\n<p class=\"fig-paragraph\">Pour sa premi\u00e8re titularisation en Ligue 1 avec l\u2019Olympique de Marseille, le nouveau d\u00e9fenseur de l\u2019OM\u00a0<a href=\"http:\/\/www.lefigaro.fr\/sports\/football\/ligue-1\/ligue-1-pavard-paixao-aubameyang-quelle-equipe-type-pour-l-om-apres-un-nouveau-mercato-frenetique-20250912\" target=\"_blank\" data-fig-type=\"NewsFlash\" rel=\"sponsored noopener\" data-gtm-custom-categorie=\"navigation\" data-gtm-custom-action=\"crossclick\" data-gtm-custom-label=\"Contextuel\" data-gtm-event=\"customEventSPE\" data-fig-domain=\"LEFIGARO\">Benjamin Pavard<\/a>\u00a0est venu doubler la mise de la t\u00eate sur corner. Les Olympiens m\u00e8nent 2-0 contre le FC Lorient devant un V\u00e9lodrome bouillant. Benjamin Pavard s\u2019\u00e9tait dit jeudi \u00abtr\u00e8s heureux et tr\u00e8s honor\u00e9\u00bb d\u2019\u00eatre \u00e0 l\u2019OM, club qu\u2019il a rejoint dans les derniers instants du mercato cet \u00e9t\u00e9.<\/p>\n<p class=\"fig-paragraph\">\u00abC\u2019est beaucoup d\u2019\u00e9motion. Cela fait neuf ans que je suis parti de France. \u00c7a m\u2019a beaucoup manqu\u00e9. C\u2019est pour \u00e7a que ce projet m\u2019a tout de suite plu. Je suis tr\u00e8s heureux et tr\u00e8s honor\u00e9 d\u2019\u00eatre ici\u00bb, avait d\u00e9clar\u00e9 l\u2019international fran\u00e7ais. Pavard avait quitt\u00e9 Lille \u00e0 20 ans pour rejoindre Stuttgart, avant de poursuivre sa carri\u00e8re au Bayern Munich puis \u00e0 l\u2019Inter Milan.<\/p>\n","protected":false},"excerpt":{"rendered":"Pour sa premi\u00e8re titularisation avec l\u2019Olympique de Marseille, le d\u00e9fenseur international fran\u00e7ais Benjamin Pavard a fait vibrer le&hellip;\n","protected":false},"author":2,"featured_media":386025,"comment_status":"","ping_status":"","sticky":false,"template":"","format":"standard","meta":{"footnotes":""},"categories":[1412],"tags":[4786,1451,1452,1453,1454,1455,1011,27,1176,60],"class_list":{"0":"post-386024","1":"post","2":"type-post","3":"status-publish","4":"format-standard","5":"has-post-thumbnail","7":"category-f1","8":"tag-benjamin-pavard","9":"tag-f1","10":"tag-formula-1","11":"tag-formula1","12":"tag-formule-1","13":"tag-formule1","14":"tag-fr","15":"tag-france","16":"tag-olympique-de-marseille","17":"tag-sports"},"share_on_mastodon":{"url":"https:\/\/pubeurope.com\/@fr\/115192969527335760","error":""},"_links":{"self":[{"href":"https:\/\/www.europesays.com\/fr\/wp-json\/wp\/v2\/posts\/386024","targetHints":{"allow":["GET"]}}],"collection":[{"href":"https:\/\/www.europesays.com\/fr\/wp-json\/wp\/v2\/posts"}],"about":[{"href":"https:\/\/www.europesays.com\/fr\/wp-json\/wp\/v2\/types\/post"}],"author":[{"embeddable":true,"href":"https:\/\/www.europesays.com\/fr\/wp-json\/wp\/v2\/users\/2"}],"replies":[{"embeddable":true,"href":"https:\/\/www.europesays.com\/fr\/wp-json\/wp\/v2\/comments?post=386024"}],"version-history":[{"count":0,"href":"https:\/\/www.europesays.com\/fr\/wp-json\/wp\/v2\/posts\/386024\/revisions"}],"wp:featuredmedia":[{"embeddable":true,"href":"https:\/\/www.europesays.com\/fr\/wp-json\/wp\/v2\/media\/386025"}],"wp:attachment":[{"href":"https:\/\/www.europesays.com\/fr\/wp-json\/wp\/v2\/media?parent=386024"}],"wp:term":[{"taxonomy":"category","embeddable":true,"href":"https:\/\/www.europesays.com\/fr\/wp-json\/wp\/v2\/categories?post=386024"},{"taxonomy":"post_tag","embeddable":true,"href":"https:\/\/www.europesays.com\/fr\/wp-json\/wp\/v2\/tags?post=386024"}],"curies":[{"name":"wp","href":"https:\/\/api.w.org\/{rel}","templated":true}]}}