{"id":386026,"date":"2025-09-12T19:26:13","date_gmt":"2025-09-12T19:26:13","guid":{"rendered":"https:\/\/www.europesays.com\/fr\/386026\/"},"modified":"2025-09-12T19:26:13","modified_gmt":"2025-09-12T19:26:13","slug":"vuelta-tour-despagne-mads-pedersen-avec-jonas-vingegaard-on-en-avait-discute","status":"publish","type":"post","link":"https:\/\/www.europesays.com\/fr\/386026\/","title":{"rendered":"Vuelta. Tour d&rsquo;Espagne &#8211; Mads Pedersen : \u00abAvec Jonas Vingegaard&#8230; on en avait discut\u00e9\u00bb"},"content":{"rendered":"<p>Pour la premi\u00e8re fois sur cette <a href=\"https:\/\/www.cyclismactu.net\/..\/news-vuelta-route-tour-d-espagne-philipsen-mate-pedersen-sur-19e-etape-vingegaard-gratte-4-90113.html\" target=\"_blank\" rel=\"noopener\"><strong>Vuelta<\/strong><\/a>, <strong>Mads Pedersen<\/strong> a pu disputer un sprint massif sans \u00eatre g\u00ean\u00e9 ou mal positionn\u00e9. Et le Danois de la <strong>Lidl-Trek<\/strong> a \u00e9t\u00e9 chercher une belle 2e place, derri\u00e8re un <strong>Jasper Philipsen<\/strong> (Alpecin-Deceuninck) surpuissant et parfaitement emmener. Reste d\u00e9sormais deux jours \u00e0 <strong>Pedersen <\/strong>pour ramener le maillot vert \u00e0 Madrid. En interview d&rsquo;apr\u00e8s-course, il est \u00e9galement revenu sur le sprint interm\u00e9diaire, qui a vu son compatriote<strong> Jonas Vingegaard<\/strong> (Visma | Lease a Bike) reprendre 4 secondes \u00e0 <strong>Joao Almeida <\/strong>(UAE Team Emirates XRG).<\/p>\n<p>Vid\u00e9o &#8211; Mads Pedersen \u00e0 l&rsquo;arriv\u00e9e de cette 19e \u00e9tape Lire la suite de l&rsquo;article&#13;<\/p>\n<p>\u00a0<\/p>\n<p>&#13;<br \/>\n\u00ab\u00a0Nous avons \u00e9t\u00e9 battus par meilleur que nous\u00a0\u00bb&#13;<\/p>\n<p>\u00ab\u00a0Pas vraiment surpris que Jonas Vingegaard ait disput\u00e9 le\u00a0sprint  interm\u00e9diaire. On est Danois, on se conna\u00eet, je savais que \u00e7a arriverait et nous en avons discut\u00e9. Il  y avait des bonifications dans ce sprint, et en ce moment il a plus  besoin de secondes que moi de points. \u00c7a n&rsquo;avait pas vraiment de sens pour moi de lui disputer\u00a0\u00bb, a exliqu\u00e9 <strong>Mads Pedersen<\/strong> \u00e0 l&rsquo;arriv\u00e9e. \u00ab\u00a0Avec ce sprint final difficile et une  telle mont\u00e9e, je m&rsquo;attendais un peu \u00e0 ce r\u00e9sultat. Bien s\u00fbr, c&rsquo;est  dommage de ne pas gagner, mais Jasper Philipsen et son \u00e9quipe ont  parfaitement travaill\u00e9. Aujourd&rsquo;hui, nous avons \u00e9t\u00e9 battus par meilleur que nous.\u00a0\u00bb<\/p>\n<p>Tour d&rsquo;Espagne &#8211; Classement de la 19\u00e8 \u00e9tape Tour d&rsquo;Espagne &#8211; Classement g\u00e9n\u00e9ral provisoire apr\u00e8s la 19\u00e8 \u00e9tape<\/p>\n","protected":false},"excerpt":{"rendered":"Pour la premi\u00e8re fois sur cette Vuelta, Mads Pedersen a pu disputer un sprint massif sans \u00eatre g\u00ean\u00e9&hellip;\n","protected":false},"author":2,"featured_media":386027,"comment_status":"","ping_status":"","sticky":false,"template":"","format":"standard","meta":{"footnotes":""},"categories":[1411],"tags":[1154,207,1011,27,209,60,3318,208],"class_list":{"0":"post-386026","1":"post","2":"type-post","3":"status-publish","4":"format-standard","5":"has-post-thumbnail","7":"category-cyclisme","8":"tag-cycling","9":"tag-cyclisme","10":"tag-fr","11":"tag-france","12":"tag-route","13":"tag-sports","14":"tag-tour-d","15":"tag-velo"},"share_on_mastodon":{"url":"https:\/\/pubeurope.com\/@fr\/115192973519243990","error":""},"_links":{"self":[{"href":"https:\/\/www.europesays.com\/fr\/wp-json\/wp\/v2\/posts\/386026","targetHints":{"allow":["GET"]}}],"collection":[{"href":"https:\/\/www.europesays.com\/fr\/wp-json\/wp\/v2\/posts"}],"about":[{"href":"https:\/\/www.europesays.com\/fr\/wp-json\/wp\/v2\/types\/post"}],"author":[{"embeddable":true,"href":"https:\/\/www.europesays.com\/fr\/wp-json\/wp\/v2\/users\/2"}],"replies":[{"embeddable":true,"href":"https:\/\/www.europesays.com\/fr\/wp-json\/wp\/v2\/comments?post=386026"}],"version-history":[{"count":0,"href":"https:\/\/www.europesays.com\/fr\/wp-json\/wp\/v2\/posts\/386026\/revisions"}],"wp:featuredmedia":[{"embeddable":true,"href":"https:\/\/www.europesays.com\/fr\/wp-json\/wp\/v2\/media\/386027"}],"wp:attachment":[{"href":"https:\/\/www.europesays.com\/fr\/wp-json\/wp\/v2\/media?parent=386026"}],"wp:term":[{"taxonomy":"category","embeddable":true,"href":"https:\/\/www.europesays.com\/fr\/wp-json\/wp\/v2\/categories?post=386026"},{"taxonomy":"post_tag","embeddable":true,"href":"https:\/\/www.europesays.com\/fr\/wp-json\/wp\/v2\/tags?post=386026"}],"curies":[{"name":"wp","href":"https:\/\/api.w.org\/{rel}","templated":true}]}}