{"id":386028,"date":"2025-09-12T19:27:11","date_gmt":"2025-09-12T19:27:11","guid":{"rendered":"https:\/\/www.europesays.com\/fr\/386028\/"},"modified":"2025-09-12T19:27:11","modified_gmt":"2025-09-12T19:27:11","slug":"saint-malo-bordeaux-le-groupe-des-girondins-avec-oualid-el-hajjam","status":"publish","type":"post","link":"https:\/\/www.europesays.com\/fr\/386028\/","title":{"rendered":"Saint-Malo-Bordeaux : le groupe des Girondins avec Oualid El Hajjam"},"content":{"rendered":"<p><img decoding=\"async\" src=\"https:\/\/www.europesays.com\/fr\/wp-content\/uploads\/2025\/08\/671_654f6bd6bd8f10315d0a7db305628ae1.jpg\" alt=\"Saint-Malo-Bordeaux : le groupe des Girondins avec Oualid El Hajjam\" class=\"img-responsive mt-3\"\/><\/p>\n<p class=\"text-center mb-3\" style=\"font-size: 14px\">\u00a9 Iconsport<\/p>\n<p style=\"text-align: justify;\">Voici les 17 joueurs convoqu\u00e9s pour cette rencontre de la 5e journ\u00e9e de National 2 de la poule A. Un joueur sera dans les tribunes car il y a seulement 16 places sur la feuille de match.<\/p>\n<p style=\"text-align: justify;\"><strong>Gardiens<\/strong>\u00a0: Hoekstra, Diabat\u00e9<\/p>\n<p style=\"text-align: justify;\"><strong>D\u00e9fenseurs<\/strong> : Droehnl\u00e9, Grillot, Jousselin, Trichard, Vendenabeele, El Hajjam<\/p>\n<p style=\"text-align: justify;\"><strong>Milieux<\/strong> : Ba, Diop, Odru, Manna\u00ef, Moreau Nguyen<\/p>\n<p style=\"text-align: justify;\"><strong>Attaquants<\/strong> : Bahassa, Villette, Etonde, Shamal<\/p>\n<p style=\"text-align: justify;\"><strong>Absents<\/strong> : Agossa (choix), Ciss\u00e9 (bless\u00e9), Rizaldos (bless\u00e9), Merdji (choix), Yamber\u00e9 (choix), Openda (bless\u00e9)<\/p>\n<p style=\"text-align: justify;\">Hier soir, le leader <a href=\"https:\/\/www.webgirondins.com\/actualite-girondins-n2-avranches-fait-tomber-angouleme-pour-la-premiere-fois-cette-saison-130392\" target=\"_blank\" rel=\"noopener nofollow\">Angoul\u00eame a \u00e9t\u00e9 d\u00e9fait pour la premi\u00e8re fois de la saison face \u00e0 Avranches<\/a>.<\/p>\n<p style=\"text-align: justify;\">\u00a0<\/p>\n<p>\u00c0 lire ici &gt;&gt; <strong><a href=\"https:\/\/www.webgirondins.com\/actualite-girondins-l-entraineur-de-saint-malo-se-confie-sur-la-mediatisation-face-aux-girondins-de-bordeaux-130399\" target=\"_blank\" rel=\"noopener nofollow\">L&rsquo;entra\u00eeneur de Saint-Malo se confie sur la m\u00e9diatisation face aux Girondins de Bordeaux<\/a><\/strong><\/p>\n<p>\u00c9coutez ce podcast court :<\/p>\n<p>\u00a0<\/p>\n","protected":false},"excerpt":{"rendered":"\u00a9 Iconsport Voici les 17 joueurs convoqu\u00e9s pour cette rencontre de la 5e journ\u00e9e de National 2 de&hellip;\n","protected":false},"author":2,"featured_media":292567,"comment_status":"","ping_status":"","sticky":false,"template":"","format":"standard","meta":{"footnotes":""},"categories":[1410],"tags":[3396,1997,3211,40199,2823,63,1011,27,1987,2705,50996,3212,4059,3465,6073,51542,3238,50995,471,5486,3213,60,2858],"class_list":{"0":"post-386028","1":"post","2":"type-post","3":"status-publish","4":"format-standard","5":"has-post-thumbnail","7":"category-football","8":"tag-avec","9":"tag-bordeaux","10":"tag-bruno","11":"tag-convoque","12":"tag-face","13":"tag-football","14":"tag-fr","15":"tag-france","16":"tag-girondins","17":"tag-groupe","18":"tag-hajjam","19":"tag-irles","20":"tag-joueurs","21":"tag-journee","22":"tag-malo","23":"tag-marville","24":"tag-national","25":"tag-oualid","26":"tag-pour","27":"tag-rencontre","28":"tag-saint","29":"tag-sports","30":"tag-stade"},"share_on_mastodon":{"url":"https:\/\/pubeurope.com\/@fr\/115192978226627458","error":""},"_links":{"self":[{"href":"https:\/\/www.europesays.com\/fr\/wp-json\/wp\/v2\/posts\/386028","targetHints":{"allow":["GET"]}}],"collection":[{"href":"https:\/\/www.europesays.com\/fr\/wp-json\/wp\/v2\/posts"}],"about":[{"href":"https:\/\/www.europesays.com\/fr\/wp-json\/wp\/v2\/types\/post"}],"author":[{"embeddable":true,"href":"https:\/\/www.europesays.com\/fr\/wp-json\/wp\/v2\/users\/2"}],"replies":[{"embeddable":true,"href":"https:\/\/www.europesays.com\/fr\/wp-json\/wp\/v2\/comments?post=386028"}],"version-history":[{"count":0,"href":"https:\/\/www.europesays.com\/fr\/wp-json\/wp\/v2\/posts\/386028\/revisions"}],"wp:featuredmedia":[{"embeddable":true,"href":"https:\/\/www.europesays.com\/fr\/wp-json\/wp\/v2\/media\/292567"}],"wp:attachment":[{"href":"https:\/\/www.europesays.com\/fr\/wp-json\/wp\/v2\/media?parent=386028"}],"wp:term":[{"taxonomy":"category","embeddable":true,"href":"https:\/\/www.europesays.com\/fr\/wp-json\/wp\/v2\/categories?post=386028"},{"taxonomy":"post_tag","embeddable":true,"href":"https:\/\/www.europesays.com\/fr\/wp-json\/wp\/v2\/tags?post=386028"}],"curies":[{"name":"wp","href":"https:\/\/api.w.org\/{rel}","templated":true}]}}