{"id":386029,"date":"2025-09-12T19:28:12","date_gmt":"2025-09-12T19:28:12","guid":{"rendered":"https:\/\/www.europesays.com\/fr\/386029\/"},"modified":"2025-09-12T19:28:12","modified_gmt":"2025-09-12T19:28:12","slug":"laurence-boccolini-se-fait-piquer-sa-place-par-faustine-bollaert-sur-france-2-premiere-apparition-sur-le-plateau-des-enfants-de-la-tele","status":"publish","type":"post","link":"https:\/\/www.europesays.com\/fr\/386029\/","title":{"rendered":"Laurence Boccolini se fait piquer sa place par Faustine Bollaert sur France 2\u00a0: premi\u00e8re apparition sur le plateau des \u00ab\u00a0Enfants de la t\u00e9l\u00e9\u00a0\u00bb"},"content":{"rendered":"<p>      R\u00e9sum\u00e9<\/p>\n<p>Exit Laurence Boccolini aux \u00ab\u00a0Enfants de la TV\u00a0\u00bb. Sa rempla\u00e7ante n&rsquo;est autre que Faustine Bollaert et a d\u00e9j\u00e0 pris ses marques avant sa grande premi\u00e8re le 21 septembre.<\/p>\n<p>        Sommaire<\/p>\n<p>Sur France T\u00e9l\u00e9visions, <strong>la rentr\u00e9e est pour le moins agit\u00e9e<\/strong>. Alors qu&rsquo;Olivier Minne et Anne-Sophie Lapix ont fait leurs valises pour M6, <a href=\"https:\/\/www.public.fr\/lea-salame-pitoyable-au-jt-de-20-heures-de-france-2-pascal-praud-vole-a-son-secours\" target=\"_blank\" rel=\"noopener\">L\u00e9a Salam\u00e9 a fait ses d\u00e9buts au JT de 20\u00a0heures<\/a> sur France 2. Mais ce n&rsquo;est pas tout\u2026 Delphine Ernotte, la patronne du groupe, a aussi pris <strong>deux autres grandes d\u00e9cisions<\/strong>\u00a0: supprimer <a href=\"https:\/\/www.public.fr\/samuel-etienne-questions-pour-un-champion-le-journaliste-annonce-se-presenter-aux-elections-presidentielles-de-2027\" target=\"_blank\" rel=\"noopener\">\u00ab\u00a0Questions pour un Champion\u00a0\u00bb<\/a> durant la semaine et \u00e9vincer Laurence Boccolini des \u00ab\u00a0Enfants de la TV\u00a0\u00bb. Un poste qu&rsquo;elle occupait <strong>depuis le 23\u00a0octobre 2023<\/strong> et o\u00f9 elle semblait s&rsquo;\u00e9clater\u2026<\/p>\n<p>En effet, le 30\u00a0juin dernier, <a href=\"https:\/\/www.public.fr\/laurence-boccolini-de-retour-sur-tf1-le-patron-refuse-categoriquement\" target=\"_blank\" rel=\"noopener\">la maman de Willow<\/a> postait <strong>un message sur ses r\u00e9seaux sociaux <\/strong>afin de faire part de sa tristesse \u00e0 ses abonn\u00e9s suite \u00e0 cette <strong>annonce brutale.<\/strong> Un message toujours en t\u00eate de ses publications \u00e0 l&rsquo;heure o\u00f9 nous \u00e9crivons ses lignes. \u00ab\u00a0En cette <strong>p\u00e9riode un peu particuli\u00e8re et compliqu\u00e9e<\/strong>, je tenais \u00e0 remercier ceux qui depuis ce matin me couvrent de leur amour, de leur amiti\u00e9 et de leur bienveillance\u00a0\u00bb, peut-on lire encore.<\/p>\n<p>C&rsquo;est alors que, pour la remplacer, France T\u00e9l\u00e9visions a choisi <strong><a href=\"https:\/\/www.public.fr\/faustine-bollaert-encore-un-nouveau-job-apres-avoir-pique-la-place-de-laurence-boccolini\" target=\"_blank\" rel=\"noopener\">un visage bien connu<\/a> des t\u00e9l\u00e9spectateurs<\/strong>. Et pour cause, il s&rsquo;agit de <strong>Faustine Bollaert<\/strong>. Cette derni\u00e8re va du pain sur la planche cette ann\u00e9e\u2026 En effet, d\u00e9j\u00e0 <a href=\"https:\/\/www.public.fr\/en-stand-by-faustine-bollaert-lannonce-inattendue-concernant-lemission-ca-commence-aujourdhui\" target=\"_blank\" rel=\"noopener\">aux manettes de \u00ab\u00a0\u00c7a commence aujourd&rsquo;hui\u00a0\u00bb<\/a> chaque apr\u00e8s-midi sur France 2, elle officie aussi sur RTL dans l&rsquo;\u00e9mission \u00ab\u00a0Un jour une vie\u00a0\u00bb. Un <strong>rythme qui s&rsquo;annonce charg\u00e9<\/strong> pour <a href=\"https:\/\/www.public.fr\/un-enorme-trou-dans-la-tete-de-mon-fils-faustine-bollaert-terribles-revelations-en-direct-a-la-radio\" target=\"_blank\" rel=\"noopener\">la maman d&rsquo;Abbie et Peter<\/a> qui semble avoir d\u00e9j\u00e0 <strong>pris ses marques sur le plateau <\/strong>des \u00ab\u00a0Enfants de la TV\u00a0\u00bb.<\/p>\n<p>Laurence Boccolini \u00e9vinc\u00e9e, Faustine Bollaert s&rsquo;installe<\/p>\n<p>En effet, ce 12\u00a0septembre, celle qui semble \u00eatre la maquilleuse de Faustine a post\u00e9 <strong>une photo de <a href=\"https:\/\/www.google.com\/url?sa=t&amp;source=web&amp;rct=j&amp;opi=89978449&amp;url=https:\/\/vsd.fr\/86105-faustine-bollaert-son-frere-charles-est-un-pur-beau-gosse-case-avec-une-star-de-tele-realite\/&amp;ved=2ahUKEwj_qa2PztOPAxULbKQEHcbSLOwQFnoECBcQAQ&amp;usg=AOvVaw37Vhlc3RwBgsF8-4Wv5ebr\" target=\"_blank\" rel=\"noopener\">l&rsquo;animatrice de 46 ans<\/a> sur le c\u00e9l\u00e8bre plateau de l&rsquo;\u00e9mission<\/strong>. Un clich\u00e9 repost\u00e9 dans la foul\u00e9e par la principale int\u00e9ress\u00e9e. Alors <strong>est-ce le d\u00e9but des enregistrements<\/strong> ou <a href=\"https:\/\/www.google.com\/url?sa=t&amp;source=web&amp;rct=j&amp;opi=89978449&amp;url=https:\/\/vsd.fr\/57642-faustine-bollaert-et-maxim-chattam-abbie-10-ans-leur-fille-qui-a-deja-monte-son-premier-film\/&amp;ved=2ahUKEwj_qa2PztOPAxULbKQEHcbSLOwQFnoECBgQAQ&amp;usg=AOvVaw26fOHIFqlfmGEcl15NuNDX\" target=\"_blank\" rel=\"noopener\">la Parisienne<\/a> est-elle simplement venue faire <strong>des essais cam\u00e9ras<\/strong>\u00a0? L&rsquo;histoire ne le dit pas. En tout cas, c&rsquo;est avec le sourire que l&rsquo;on peut la d\u00e9couvrir sur cette publication<strong> v\u00eatue d&rsquo;un sweat scintillant<\/strong>. Pour rappel, la premi\u00e8re des \u00ab\u00a0Enfants de la TV\u00a0\u00bb version Faustine Bollaert doit \u00eatre diffus\u00e9e \u00e0 18\u00a0h\u00a005 sur France 2 <strong>le dimanche 21\u00a0septembre<\/strong> 2025.<\/p>\n<p><img loading=\"lazy\" decoding=\"async\" width=\"474\" height=\"1024\" src=\"https:\/\/www.europesays.com\/fr\/wp-content\/uploads\/2025\/09\/WhatsApp-Image-2025-09-12-at-17.17.59-474x1024.jpeg\" alt=\"Laurence Boccolini se fait piquer sa place par Faustine Bollaert sur France 2 : premi\u00e8re apparition sur le plateau des &quot;Enfants de la t\u00e9l\u00e9&quot;\"  \/><\/p>\n<p>Capture Instagram Faustine Bollaert<\/p>\n<p>Mais alors Faustine Bollaert <strong>a-t-elle \u00e9chang\u00e9 avec <a href=\"https:\/\/www.google.com\/url?sa=t&amp;source=web&amp;rct=j&amp;opi=89978449&amp;url=https:\/\/vsd.fr\/86219-laurence-boccolini-un-peu-plus-effacee-nouveau-coup-dur-pour-lanimatrice\/&amp;ved=2ahUKEwi_3Y2fz9OPAxUgTKQEHZ7aNyMQFnoECBcQAQ&amp;usg=AOvVaw27c-6KoZCvI7L755CUJwW1\" target=\"_blank\" rel=\"noopener\">sa cons\u0153ur<\/a> <\/strong>avant de prendre sa place\u00a0? La r\u00e9ponse est oui comme elle a pu le rapporter \u00e0 nos confr\u00e8res de <a href=\"https:\/\/www.programme-tv.net\/news\/tv\/387488-exclu-je-lui-ai-dit-que-j-etais-desolee-faustine-bollaert-revele-avoir-envoye-un-message-a-laurence-boccolini-apres-son-eviction-des-enfants-de-la-tele\/\" target=\"_blank\" rel=\"noopener\">T\u00e9l\u00e9 Loisirs<\/a>. \u00ab\u00a0Quand j\u2019ai compris la mani\u00e8re dont \u00e7a s\u2019\u00e9tait fait, je me suis tout de suite manifest\u00e9e aupr\u00e8s de Laurence. <strong>On a \u00e9chang\u00e9 quelques messages<\/strong>\u00a0\u00bb a assur\u00e9 <a href=\"https:\/\/www.google.com\/url?sa=t&amp;source=web&amp;rct=j&amp;opi=89978449&amp;url=https:\/\/vsd.fr\/77658-fais-attention-a-ce-que-tu-vas-dire-faustine-bollaert-prise-au-depourvue-par-une-invitee-sur-france-2\/&amp;ved=2ahUKEwjnnKbCz9OPAxXnSaQEHR1IBnoQFnoECCMQAQ&amp;usg=AOvVaw2f2xUx7jZdqSIa45srBZFz\" target=\"_blank\" rel=\"noopener\">celle qui succ\u00e8de \u00e9galement \u00e0 Arthur et Laurent Ruquier<\/a>. \u00ab\u00a0<strong>Je lui ai dit que j\u2019\u00e9tais d\u00e9sol\u00e9e<\/strong> [&#8230;] Je lui ai demand\u00e9 si elle attendait quelque chose de moi en particulier et elle a \u00e9t\u00e9 bienveillante\u00a0\u00bb, conclut-elle.<\/p>\n<p>      Mentionn\u00e9s dans cet article<\/p>\n<p>      Sur le m\u00eame sujet<\/p>\n","protected":false},"excerpt":{"rendered":"R\u00e9sum\u00e9 Exit Laurence Boccolini aux \u00ab\u00a0Enfants de la TV\u00a0\u00bb. Sa rempla\u00e7ante n&rsquo;est autre que Faustine Bollaert et a&hellip;\n","protected":false},"author":2,"featured_media":386030,"comment_status":"","ping_status":"","sticky":false,"template":"","format":"standard","meta":{"footnotes":""},"categories":[1359],"tags":[6560,11255,58,59,6308,1011,27,2400,594,3219,20223,973,6265],"class_list":{"0":"post-386029","1":"post","2":"type-post","3":"status-publish","4":"format-standard","5":"has-post-thumbnail","7":"category-people","8":"tag-changement","9":"tag-delphine-ernotte","10":"tag-divertissement","11":"tag-entertainment","12":"tag-faustine-bollaert","13":"tag-fr","14":"tag-france","15":"tag-france-televisions","16":"tag-france-2","17":"tag-laurence-boccolini","18":"tag-les-enfants-de-la-tele","19":"tag-people","20":"tag-tournage"},"share_on_mastodon":{"url":"https:\/\/pubeurope.com\/@fr\/115192981722725563","error":""},"_links":{"self":[{"href":"https:\/\/www.europesays.com\/fr\/wp-json\/wp\/v2\/posts\/386029","targetHints":{"allow":["GET"]}}],"collection":[{"href":"https:\/\/www.europesays.com\/fr\/wp-json\/wp\/v2\/posts"}],"about":[{"href":"https:\/\/www.europesays.com\/fr\/wp-json\/wp\/v2\/types\/post"}],"author":[{"embeddable":true,"href":"https:\/\/www.europesays.com\/fr\/wp-json\/wp\/v2\/users\/2"}],"replies":[{"embeddable":true,"href":"https:\/\/www.europesays.com\/fr\/wp-json\/wp\/v2\/comments?post=386029"}],"version-history":[{"count":0,"href":"https:\/\/www.europesays.com\/fr\/wp-json\/wp\/v2\/posts\/386029\/revisions"}],"wp:featuredmedia":[{"embeddable":true,"href":"https:\/\/www.europesays.com\/fr\/wp-json\/wp\/v2\/media\/386030"}],"wp:attachment":[{"href":"https:\/\/www.europesays.com\/fr\/wp-json\/wp\/v2\/media?parent=386029"}],"wp:term":[{"taxonomy":"category","embeddable":true,"href":"https:\/\/www.europesays.com\/fr\/wp-json\/wp\/v2\/categories?post=386029"},{"taxonomy":"post_tag","embeddable":true,"href":"https:\/\/www.europesays.com\/fr\/wp-json\/wp\/v2\/tags?post=386029"}],"curies":[{"name":"wp","href":"https:\/\/api.w.org\/{rel}","templated":true}]}}