{"id":38603,"date":"2025-04-20T10:05:18","date_gmt":"2025-04-20T10:05:18","guid":{"rendered":"https:\/\/www.europesays.com\/fr\/38603\/"},"modified":"2025-04-20T10:05:18","modified_gmt":"2025-04-20T10:05:18","slug":"dans-ces-bureaux-de-poste-des-yvelines-donnez-une-seconde-vie-a-vos-vieux-livres-et-cd","status":"publish","type":"post","link":"https:\/\/www.europesays.com\/fr\/38603\/","title":{"rendered":"Dans ces bureaux de poste des Yvelines, donnez une seconde vie \u00e0 vos vieux livres et CD"},"content":{"rendered":"<p>            Par<br \/>\n        <strong><br \/>\n            <a href=\"https:\/\/actu.fr\/auteur\/julie-eslan-actu-fr\" title=\"Consulter tous les articles de Julie Eslan\" target=\"_blank\" rel=\"noopener\">Julie Eslan<\/a><br \/>\n        <\/strong><\/p>\n<p>        Publi\u00e9 le<\/p>\n<p>            19 avr. 2025 \u00e0 13h16        <\/p>\n<p>Vous avez des vieux livres, CD ou DVD dont vous ne savez plus quoi faire\u2009? Depuis le 12\u00a0mars 2025, vous pourrez les d\u00e9poser dans l\u2019un des 14 bureaux de poste des Yvelines qui participent \u00e0 <b>cette exp\u00e9rimentation<\/b>.<\/p>\n<p class=\" wall-content\">Pendant six semaines, La Poste s\u2019associe \u00e0 <a href=\"https:\/\/www.ammareal.fr\/?srsltid=AfmBOooYi1BPdCLUurgGMHUhgvXSxO80OxBvdZI0c6R1Vnd5nQymkaiK\" target=\"_blank\" rel=\"noopener\">Ammareal<\/a>, une librairie en ligne sp\u00e9cialis\u00e9e dans la collecte aupr\u00e8s des particuliers et des professionnels de <b>biens culturels d\u2019occasion<\/b>.<\/p>\n<p class=\" wall-content\">L\u2019objectif de La Poste\u2009?<\/p>\n<blockquote class=\"ac-article-quote wall-content\">\n<p>\u00ab\u2009Promouvoir une consommation plus durable tout en limitant la pollution et le gaspillage de ressources li\u00e9s \u00e0 la fabrication de ces objets culturels.\u2009\u00bb<\/p>\n<p>La Poste<\/p><\/blockquote>\n<p class=\" wall-content\">Pour rappel, pour produire une tonne de papier, il faut en moyenne 40\u2009000\u00a0\u00e0 <b>50\u2009000 litres d\u2019eau<\/b>, 3,2 tonnes de bois, 12\u2009000\u00a0kW\/h d\u2019\u00e9nergie et 1,5 tonne de CO2.<\/p>\n<p>14 bureaux de poste dans les Yvelines<\/p>\n<p class=\" wall-content\">Cette initiative est d\u00e9ploy\u00e9e dans une <b>trentaine de bureaux <\/b>de poste francilien mais 14 d\u2019entre eux se trouvent dans les Yvelines. Voici la liste\u2009:<\/p>\n<p>Vid\u00e9os : en ce moment sur Actu<\/p>\n<ul class=\" wall-content\">\n<li>La Poste du\u00a0<a href=\"https:\/\/actu.fr\/ile-de-france\/le-vesinet_78650\" target=\"_blank\" rel=\"noopener\">V\u00e9sinet<\/a><\/li>\n<li>La Poste d\u2019<a href=\"https:\/\/actu.fr\/ile-de-france\/orgeval_78466\" target=\"_blank\" rel=\"noopener\">Orgeval<\/a><\/li>\n<li>La Poste de <a href=\"https:\/\/actu.fr\/ile-de-france\/noisy-le-roi_78455\" target=\"_blank\" rel=\"noopener\">Noisy-le-Roi<\/a><\/li>\n<li>La Poste de <a href=\"https:\/\/actu.fr\/ile-de-france\/maisons-laffitte_78358\" target=\"_blank\" rel=\"noopener\">Maisons-Laffitte<\/a><\/li>\n<li>La Poste de <a href=\"https:\/\/actu.fr\/ile-de-france\/chatou_78146\" target=\"_blank\" rel=\"noopener\">Chatou<\/a><\/li>\n<li>La Poste de <a href=\"https:\/\/actu.fr\/ile-de-france\/magny-les-hameaux_78356\" target=\"_blank\" rel=\"noopener\">Magny-les-Hameaux<\/a><\/li>\n<li>La Poste de <a href=\"https:\/\/actu.fr\/ile-de-france\/neauphle-le-chateau_78442\" target=\"_blank\" rel=\"noopener\">Neauphle-le-Ch\u00e2teau<\/a><\/li>\n<li>La Poste du <a href=\"https:\/\/actu.fr\/ile-de-france\/le-chesnay-rocquencourt_78158\" target=\"_blank\" rel=\"noopener\">Chesnay<\/a> principale<\/li>\n<li>La Poste de <a href=\"https:\/\/actu.fr\/ile-de-france\/houilles_78311\" target=\"_blank\" rel=\"noopener\">Houilles<\/a><\/li>\n<li>La Poste de <a href=\"https:\/\/actu.fr\/ile-de-france\/houdan_78310\" target=\"_blank\" rel=\"noopener\">Houdan<\/a><\/li>\n<li>La Poste de <a href=\"https:\/\/actu.fr\/ile-de-france\/bois-d-arcy_78073\" target=\"_blank\" rel=\"noopener\">Bois-d\u2019Arcy<\/a><\/li>\n<li>La Poste de <a href=\"https:\/\/actu.fr\/ile-de-france\/croissy-sur-seine_78190\" target=\"_blank\" rel=\"noopener\">Croissy-sur-Seine<\/a><\/li>\n<li>La Poste de <a href=\"https:\/\/actu.fr\/ile-de-france\/saint-germain-en-laye_78551\" target=\"_blank\" rel=\"noopener\">Saint-Germain-en-Laye<\/a><\/li>\n<li>La Poste de <a href=\"https:\/\/actu.fr\/ile-de-france\/conflans-sainte-honorine_78172\" target=\"_blank\" rel=\"noopener\">Conflans-Sainte-Honorine<\/a><\/li>\n<\/ul>\n<p class=\" wall-content\">Tous types de livres (romans adultes et jeunesse, bandes dessin\u00e9es, mangas, documentaires, livres d\u2019art, livres universitaires, partitions musicales\u2026), de toutes les langues et <b>en bon \u00e9tat<\/b> sont accept\u00e9s ainsi que les CD de musique et DVD originaux.<\/p>\n<p>Une partie revers\u00e9e au Secours Populaire<\/p>\n<p class=\" wall-content\">La collecte des livres est assur\u00e9e par <a href=\"https:\/\/www.recygo.fr\/\" target=\"_blank\" rel=\"noopener\">Recygo<\/a>, une entreprise de recyclage de d\u00e9chets de bureau fond\u00e9e par La Poste et Suez. Les produits en assez bon \u00e9tat seront en partie vendus en ligne sur le site d\u2019Ammareal. Tout ce qui ne sera pas en assez bon \u00e9tat sera donn\u00e9 ou <b>recycl\u00e9 en France<\/b>. Pour les livres, la majeure partie sera envoy\u00e9e \u00e0 l\u2019usine papeti\u00e8re <a href=\"https:\/\/www.greenfieldsas.com\/fr\/\" target=\"_blank\" rel=\"noopener\">Wepa Greenfield<\/a> de Ch\u00e2teau-Thierry (Aisne).<\/p>\n<p class=\" wall-content\">Par ailleurs, <b>10\u2009%<\/b> du produit des ventes de cette grande collecte solidaire seront <b>revers\u00e9s<\/b> au <a href=\"https:\/\/www.secourspopulaire.fr\/\" target=\"_blank\" rel=\"noopener\">Secours populaire fran\u00e7ais<\/a>.<\/p>\n<p class=\" wall-content\">Suivez toute l\u2019actualit\u00e9 de vos villes et m\u00e9dias favoris en vous inscrivant \u00e0 <a href=\"https:\/\/moncompte.actu.fr\" title=\"D\u00e9couvez Mon Actu\" rel=\"nofollow noopener\" data-trk=\"{&quot;cta&quot;:{&quot;action&quot;:&quot;https:\\\/\\\/moncompte.actu.fr&quot;,&quot;category&quot;:&quot;mon compte&quot;,&quot;from&quot;:&quot;article footer&quot;,&quot;name&quot;:&quot;Mon actu&quot;,&quot;type&quot;:&quot;cta&quot;}}\" target=\"_blank\">Mon Actu<\/a>.<\/p>\n","protected":false},"excerpt":{"rendered":"Par Julie Eslan Publi\u00e9 le 19 avr. 2025 \u00e0 13h16 Vous avez des vieux livres, CD ou DVD&hellip;\n","protected":false},"author":2,"featured_media":38604,"comment_status":"","ping_status":"","sticky":false,"template":"","format":"standard","meta":{"footnotes":""},"categories":[1357],"tags":[1379,58,59,1011,27,3316,1380,7167,104],"class_list":{"0":"post-38603","1":"post","2":"type-post","3":"status-publish","4":"format-standard","5":"has-post-thumbnail","7":"category-livres","8":"tag-books","9":"tag-divertissement","10":"tag-entertainment","11":"tag-fr","12":"tag-france","13":"tag-la-poste","14":"tag-livres","15":"tag-seconde-main","16":"tag-societe"},"share_on_mastodon":{"url":"https:\/\/pubeurope.com\/@fr\/114369732540377133","error":""},"_links":{"self":[{"href":"https:\/\/www.europesays.com\/fr\/wp-json\/wp\/v2\/posts\/38603","targetHints":{"allow":["GET"]}}],"collection":[{"href":"https:\/\/www.europesays.com\/fr\/wp-json\/wp\/v2\/posts"}],"about":[{"href":"https:\/\/www.europesays.com\/fr\/wp-json\/wp\/v2\/types\/post"}],"author":[{"embeddable":true,"href":"https:\/\/www.europesays.com\/fr\/wp-json\/wp\/v2\/users\/2"}],"replies":[{"embeddable":true,"href":"https:\/\/www.europesays.com\/fr\/wp-json\/wp\/v2\/comments?post=38603"}],"version-history":[{"count":0,"href":"https:\/\/www.europesays.com\/fr\/wp-json\/wp\/v2\/posts\/38603\/revisions"}],"wp:featuredmedia":[{"embeddable":true,"href":"https:\/\/www.europesays.com\/fr\/wp-json\/wp\/v2\/media\/38604"}],"wp:attachment":[{"href":"https:\/\/www.europesays.com\/fr\/wp-json\/wp\/v2\/media?parent=38603"}],"wp:term":[{"taxonomy":"category","embeddable":true,"href":"https:\/\/www.europesays.com\/fr\/wp-json\/wp\/v2\/categories?post=38603"},{"taxonomy":"post_tag","embeddable":true,"href":"https:\/\/www.europesays.com\/fr\/wp-json\/wp\/v2\/tags?post=38603"}],"curies":[{"name":"wp","href":"https:\/\/api.w.org\/{rel}","templated":true}]}}