{"id":386033,"date":"2025-09-12T19:30:24","date_gmt":"2025-09-12T19:30:24","guid":{"rendered":"https:\/\/www.europesays.com\/fr\/386033\/"},"modified":"2025-09-12T19:30:24","modified_gmt":"2025-09-12T19:30:24","slug":"cecile-guilbert-auteur-de-feux-sacres-levolution-au-fil-des-ans","status":"publish","type":"post","link":"https:\/\/www.europesays.com\/fr\/386033\/","title":{"rendered":"C\u00e9cile Guilbert auteur de Feux Sacr\u00e9s, l\u2019\u00e9volution au fil des ans"},"content":{"rendered":"<p><strong>PORTRAIT &#8211; <\/strong>Intellectuelle par essence sceptique, la romanci\u00e8re &#8211; qui a \u00e9crit sur Saint-Simon, Debord et Warhol &#8211; raconte dans son dernier livre comment elle s\u2019est ouverte, suite \u00e0 une s\u00e9rie de deuils, \u00e0 la spiritualit\u00e9 hindoue.<\/p>\n<p class=\"fig-paragraph\">On la rencontre dans un h\u00f4tel de la rue des Saints-P\u00e8res, tout pr\u00e8s du si\u00e8ge de son \u00e9diteur, Grasset. Bouche rouge, traits anguleux et altiers, cheveux noirs. C\u00e9cile Guilbert en impose. Cette beaut\u00e9 fatale dissipe autour d\u2019elle une sorte d\u2019autorit\u00e9 naturelle et d\u2019aura myst\u00e9rieuse, comme lorsqu\u2019elle promenait sa longue silhouette dans les couloirs de\u00a0<a href=\"http:\/\/www.lefigaro.fr\/actualite-france\/dossier\/sciences-po-une-institution-dans-la-tourmente-retrouvez-tous-les-episodes\" data-fig-type=\"Topic\" data-gtm-custom-categorie=\"navigation\" data-gtm-custom-action=\"crossclick\" data-gtm-custom-label=\"Contextuel\" data-gtm-event=\"customEventSPE\" data-fig-domain=\"LEFIGARO\" rel=\"nofollow noopener\" target=\"_blank\">Sciences Po<\/a>, \u00e9cole qu\u2019elle avait choisie avec l\u2019espoir d\u2019entrer \u00e0\u00a0<a href=\"http:\/\/www.lefigaro.fr\/actualite-france\/face-a-annie-ernaux-ou-rosa-luxembourg-la-nouvelle-promotion-de-l-insp-ex-ena-prend-finalement-le-nom-de-gisele-halimi-20250228\" data-fig-type=\"Article\" data-gtm-custom-categorie=\"navigation\" data-gtm-custom-action=\"crossclick\" data-gtm-custom-label=\"Contextuel\" data-gtm-event=\"customEventSPE\" data-fig-domain=\"LEFIGARO\" rel=\"nofollow noopener\" target=\"_blank\">l\u2019ENA<\/a>\u00a0pour \u00e9pouser une carri\u00e8re d\u2019\u00e9crivain- diplomate et o\u00f9 elle se rendait entre deux vir\u00e9es aux Bains Douches et des nuits que l\u2019on supposait incandescentes et accompagn\u00e9es de substances toxiques. \u00ab\u00a0Un moment d\u2019outrances festives et de libertinage effr\u00e9n\u00e9\u00a0\u00bb \u00e9crit-elle dans son dernier livre, Feux sacr\u00e9s (Grasset). Un moment aussi de mal-\u00eatre masqu\u00e9 par une pointe de froide arrogance, \u00ab\u00a0un colossal complexe de sup\u00e9riorit\u00e9 intellectuelle et psychique\u00a0\u00bb, \u00e9crit-elle encore. Mani\u00e8re probablement de cacher la tristesse et le d\u00e9sarroi que la mort brutale de son cousin ador\u00e9\u2026<\/p>\n<p class=\"fig-premium-paywall__infos\">\n        Cet article est r\u00e9serv\u00e9 aux abonn\u00e9s.        Il vous reste 82% \u00e0 d\u00e9couvrir.\n    <\/p>\n<p>                <img  data- alt=\"Le Figaro\" class=\"fig-img--complete fig-img\"\/><\/p>\n<p class=\"fig-premium-paywall__title\">Vous avez envie de lire la suite ?<\/p>\n<p class=\"fig-premium-paywall__subtitle\">D\u00e9bloquez tous les articles imm\u00e9diatement.<\/p>\n<p class=\"fig-premium-paywall__connect\">\n                D\u00e9j\u00e0 abonn\u00e9\u00a0?                <a class=\"fig-premium-paywall__connect-link\" href=\"https:\/\/connect.lefigaro.fr\/login?client=horizon_web&amp;type=main&amp;redirect_uri=https%3A%2F%2Fwww.lefigaro.fr%2Fculture%2Fje-ne-peux-imaginer-de-vivre-sans-lire-cecile-guilbert-auteur-de-feux-sacres-l-evolution-au-fil-des-ans-20250912\" data-js-gtm=\"{&quot;customCategorie&quot;: &quot;conversion&quot;, &quot;customAction&quot;: &quot;before_Landing_Connexion_paywall_auto&quot;, &quot;customLabel&quot;: &quot;bGVmaWdhcm8uZnJfXzFmMDhmYzQ1LWZmMjItNjlmYy1hNGZjLTBkOGQ4ODgyZjgwN19fQXJ0aWNsZQ==_\u00abJe ne peux imaginer de vivre sans lire\u00bb: C\u00e9cile Guilbert auteur de &lt;i&gt;Feux Sacr\u00e9s&lt;\/i&gt;, l\u2019\u00e9volution au fil des ans_1000&quot;, &quot;customIDSPE&quot;: &quot;bGVmaWdhcm8uZnJfXzFmMDhmYzQ1LWZmMjItNjlmYy1hNGZjLTBkOGQ4ODgyZjgwN19fQXJ0aWNsZQ==&quot;, &quot;event&quot;: &quot;customEventSPE&quot;}\" rel=\"nofollow noopener\" target=\"_blank\"><br \/>\n                    Connectez-vous<br \/>\n                <\/a>\n            <\/p>\n","protected":false},"excerpt":{"rendered":"PORTRAIT &#8211; Intellectuelle par essence sceptique, la romanci\u00e8re &#8211; qui a \u00e9crit sur Saint-Simon, Debord et Warhol &#8211;&hellip;\n","protected":false},"author":2,"featured_media":386034,"comment_status":"","ping_status":"","sticky":false,"template":"","format":"standard","meta":{"footnotes":""},"categories":[1357],"tags":[14114,1379,58,59,1011,27,5595,1380,4993],"class_list":{"0":"post-386033","1":"post","2":"type-post","3":"status-publish","4":"format-standard","5":"has-post-thumbnail","7":"category-livres","8":"tag-andy-warhol","9":"tag-books","10":"tag-divertissement","11":"tag-entertainment","12":"tag-fr","13":"tag-france","14":"tag-inde","15":"tag-livres","16":"tag-yoga"},"share_on_mastodon":{"url":"https:\/\/pubeurope.com\/@fr\/115192989420657016","error":""},"_links":{"self":[{"href":"https:\/\/www.europesays.com\/fr\/wp-json\/wp\/v2\/posts\/386033","targetHints":{"allow":["GET"]}}],"collection":[{"href":"https:\/\/www.europesays.com\/fr\/wp-json\/wp\/v2\/posts"}],"about":[{"href":"https:\/\/www.europesays.com\/fr\/wp-json\/wp\/v2\/types\/post"}],"author":[{"embeddable":true,"href":"https:\/\/www.europesays.com\/fr\/wp-json\/wp\/v2\/users\/2"}],"replies":[{"embeddable":true,"href":"https:\/\/www.europesays.com\/fr\/wp-json\/wp\/v2\/comments?post=386033"}],"version-history":[{"count":0,"href":"https:\/\/www.europesays.com\/fr\/wp-json\/wp\/v2\/posts\/386033\/revisions"}],"wp:featuredmedia":[{"embeddable":true,"href":"https:\/\/www.europesays.com\/fr\/wp-json\/wp\/v2\/media\/386034"}],"wp:attachment":[{"href":"https:\/\/www.europesays.com\/fr\/wp-json\/wp\/v2\/media?parent=386033"}],"wp:term":[{"taxonomy":"category","embeddable":true,"href":"https:\/\/www.europesays.com\/fr\/wp-json\/wp\/v2\/categories?post=386033"},{"taxonomy":"post_tag","embeddable":true,"href":"https:\/\/www.europesays.com\/fr\/wp-json\/wp\/v2\/tags?post=386033"}],"curies":[{"name":"wp","href":"https:\/\/api.w.org\/{rel}","templated":true}]}}