{"id":386035,"date":"2025-09-12T19:31:14","date_gmt":"2025-09-12T19:31:14","guid":{"rendered":"https:\/\/www.europesays.com\/fr\/386035\/"},"modified":"2025-09-12T19:31:14","modified_gmt":"2025-09-12T19:31:14","slug":"mask-singer-pourquoi-michael-youn-remplace-t-il-laurent-ruquier-a-la-presentation-de-la-deuxieme-partie-de-soiree-sur-tf1","status":"publish","type":"post","link":"https:\/\/www.europesays.com\/fr\/386035\/","title":{"rendered":"\u00ab\u00a0Mask Singer\u00a0\u00bb : Pourquoi Micha\u00ebl Youn remplace-t-il Laurent Ruquier \u00e0 la pr\u00e9sentation de la deuxi\u00e8me partie de soir\u00e9e sur TF1 ?"},"content":{"rendered":"<p>            <img loading=\"lazy\" decoding=\"async\" src=\"https:\/\/www.europesays.com\/fr\/wp-content\/uploads\/2025\/09\/d1b2ef1d526072b8-35x35-2.png\" class=\"author-article-picture\" width=\"35\" height=\"35\"\/><\/p>\n<p>                Par<br \/>\n                                    Anne Lenoir<br \/>\n                                                    | Journaliste<\/p>\n<p>\n                Les s\u00e9ries, Anne Lenoir est tomb\u00e9e dedans quand elle \u00e9tait petite. Biberonn\u00e9e aux \u201cMagnum\u201d et \u201cMadame est servie\u201d, avant de se passionner pour \u201cUrgences\u201d. D\u00e9sireuse de rencontrer tous ceux qui participent au succ\u00e8s des fictions, elle en a fait son m\u00e9tier. Capable de se prendre de passion pour les intrigues de feuilletons quotidiens, elle peut aussi vibrer devant de nombreux matchs de tennis.\n            <\/p>\n<p>\n    En 2024, comme au printemps dernier, Laurent Ruquier pr\u00e9sentait l\u2019after show diffus\u00e9 imm\u00e9diatement apr\u00e8s la fin du \u201cMask Singer\u201d de la semaine. Une t\u00e2che d\u00e9volue d\u00e9sormais \u00e0 Micha\u00ebl Youn. Explications.\n<\/p>\n<p>                            <img loading=\"lazy\" decoding=\"async\" class=\"player-thumbnail\" src=\"https:\/\/www.europesays.com\/fr\/wp-content\/uploads\/2025\/09\/6e7d766578cf962a-580x326-1.jpg\" width=\"580\" height=\"326\"\/><\/p>\n<p>                    La bande-annonce faite avec de l&rsquo;IA de \u00ab\u00a0Mask Singer\u00a0\u00bb saison 8. \u00a9 TF1<\/p>\n<p>La suite apr\u00e8s la publicit\u00e9<\/p>\n<p>La saison 8 de \u00ab\u00a0<a href=\"https:\/\/www.ozap.com\/actu\/mask-singer-2025-surprise-tf1-devoile-deja-la-star-qui-se-cache-sous-le-costume-du-dj-il-s-agit-d-un-celebre-youtubeur-francais\/651541\" rel=\"nofollow noopener\" target=\"_blank\">Mask Singer<\/a>\u00a0\u00bb d\u00e9barque ce vendredi 12 septembre \u00e0 21h10 avec son lot de nouveaut\u00e9s. La production a voulu par exemple surprendre le public en lui permettant de d\u00e9couvrir d\u00e8s la premi\u00e8re \u00e9mission quelle est la personnalit\u00e9 qui se dissimule derri\u00e8re le costume du DJ. Camille Combal, comme les quatre enqu\u00eateurs, ne sont, quant \u00e0 eux pas mis dans la confidence. TF1 s\u2019est d\u2019ailleurs amus\u00e9e sur les r\u00e9seaux sociaux \u00e0 faire deviner l\u2019identit\u00e9 secr\u00e8te avant de la d\u00e9voiler : il s\u2019agit du YouTubeur Tibo InShape. A l\u2019antenne, il sera charg\u00e9 de montrer les coulisses de chacune de ses prestations et sa strat\u00e9gie pour tenter de pi\u00e9ger <a href=\"https:\/\/www.ozap.com\/personnalite\/laurent-ruquier_e161\" rel=\"nofollow noopener\" target=\"_blank\">Laurent Ruquier<\/a>, <a href=\"https:\/\/www.ozap.com\/personnalite\/kev-adams_e204342\" rel=\"nofollow noopener\" target=\"_blank\">Kev Adams<\/a>, <a href=\"https:\/\/www.ozap.com\/personnalite\/chantal-ladesou_e309153\" rel=\"nofollow noopener\" target=\"_blank\">Chantal Ladesou<\/a> et le nouveau-venu, <a href=\"https:\/\/www.ozap.com\/personnalite\/michael-youn_e160\" rel=\"nofollow noopener\" target=\"_blank\">Micha\u00ebl Youn<\/a>.<\/p>\n<p>Micha\u00ebl Youn remplace Elodie Poux, dans \u00ab\u00a0Mask Singer\u00a0\u00bb, Laurent Ruquier dans l\u2019after show<\/p>\n<p>Le trublion qui s\u2019amusait \u00e0 s\u2019amusait \u201c\u00e0 r\u00e9veiller tes voisins\u201d avec \u201cMorning Live\u201d est la derni\u00e8re recrue du divertissement de la Une o\u00f9 strictement tout peut arriver, m\u00eame de monter sur la table au risque de la casser. Mais il ne se contente pas de r\u00e9cup\u00e9rer le fauteuil laiss\u00e9 vacant par <a href=\"https:\/\/www.ozap.com\/actu\/mask-singer-elodie-poux-quitte-deja-lemission-michael-youn-rejoint-lequipe-denqueteurs-pour-la-saison-8\/650625\" rel=\"nofollow noopener\" target=\"_blank\">Elodie Poux<\/a>, l\u2019humoriste n\u2019\u00e9tant pas disponible pendant l\u2019\u00e9t\u00e9 pour les enregistrements. Il devient \u00e9galement le visage de \u00ab\u00a0Mask Singer, l\u2019enqu\u00eate continue\u00a0\u00bb, l\u2019after show propos\u00e9 en deuxi\u00e8me partie de soir\u00e9e chaque vendredi.<\/p>\n<p>Depuis 2024, c\u2019est Laurent Ruquier qui se chargeait d\u2019animer la suite de l\u2019\u00e9mission, en lieu et place de <a href=\"https:\/\/www.ozap.com\/personnalite\/camille-combal_e124623\" rel=\"nofollow noopener\" target=\"_blank\">Camille Combal<\/a>. La production comme la cha\u00eene indiquent avoir confi\u00e9 les cl\u00e9s du plateau cette fois \u00e0 Micha\u00ebl Youn dans un souci d\u2019apporter un vrai changement et une touche de fra\u00eecheur au programme, alors que Laurent Ruquier a d\u2019ores et d\u00e9j\u00e0 repris <a href=\"https:\/\/www.ozap.com\/actu\/chez-ruquier-t18-change-lhoraire-du-talk-show-de-laurent-ruquier-et-prolonge-lemission-de-30-minutes-a-la-rentree\/651259\" rel=\"nofollow noopener\" target=\"_blank\">l\u2019animation de son talk show le samedi sur T18<\/a> d\u00e9sormais propos\u00e9 d\u00e8s 19h25.<\/p>\n<p>Incarnation du changement et de la spontan\u00e9it\u00e9<\/p>\n<p>Lors de la conf\u00e9rence de presse organis\u00e9e pour annoncer cette saison 8, Micha\u00ebl Youn a estim\u00e9 que la production lui avait confi\u00e9 les r\u00eanes de l\u2019\u00e9mission en pariant sur sa \u201cspontan\u00e9it\u00e9\u201d vis-\u00e0-vis des candidats malheureux d\u00e9masqu\u00e9s. \u00ab\u00a0Je suis alors vraiment comme les t\u00e9l\u00e9spectateurs derri\u00e8re leur \u00e9cran, avait-il poursuivi. Il n\u2019est pas question d\u2019\u00eatre trop formel. Et puis je dois aussi faire preuve d\u2019un minimum d\u2019empathie, tous, ou presque, esp\u00e8raient rester jusqu\u2019\u00e0 la fin\u00a0\u00bb, avait-il ajout\u00e9.<br \/>\u00a0<\/p>\n<p>        <img decoding=\"async\" class=\"thumb-img-100 thumb-img\" src=\"https:\/\/www.europesays.com\/fr\/wp-content\/uploads\/2025\/09\/c09278dbd1a688d0-320x180-1.jpg\" alt=\"&quot;Mask Singer&quot; 2025 : Surprise ! TF1 d\u00e9voile (d\u00e9j\u00e0) la star qui se cache sous le costume du DJ... il s'agit d'un c\u00e9l\u00e8bre youtubeur fran\u00e7ais\" width=\"320\" height=\"180\" loading=\"lazy\" role=\"presentation\"\/><\/p>\n<p>                                            \u00ab\u00a0Mask Singer\u00a0\u00bb 2025 : Surprise ! TF1 d\u00e9voile (d\u00e9j\u00e0) la star qui se cache sous le costume du DJ&#8230; il s&rsquo;agit d&rsquo;un c\u00e9l\u00e8bre youtubeur fran\u00e7ais<\/p>\n<p>        <img decoding=\"async\" class=\"thumb-img-100 thumb-img\" src=\"https:\/\/www.europesays.com\/fr\/wp-content\/uploads\/2025\/09\/a7ce58b451e88d3e-320x180-1.jpg\" alt=\"&quot;M\u00eame pas en r\u00eave&quot; : Vincent Lagaf', Mich\u00e8le Bernier, Jeanne Mas... Ces stars qui refusent cat\u00e9goriquement de faire &quot;Mask Singer&quot; sur TF1\" width=\"320\" height=\"180\" loading=\"lazy\" role=\"presentation\"\/><\/p>\n<p>                                            \u00ab\u00a0M\u00eame pas en r\u00eave\u00a0\u00bb : Vincent Lagaf&rsquo;, Mich\u00e8le Bernier, Jeanne Mas&#8230; Ces stars qui refusent cat\u00e9goriquement de faire \u00ab\u00a0Mask Singer\u00a0\u00bb sur TF1<\/p>\n<p>        <img decoding=\"async\" class=\"thumb-img-100 thumb-img\" src=\"https:\/\/www.europesays.com\/fr\/wp-content\/uploads\/2025\/09\/5bbe2916f8ee91d9-320x180-1.jpg\" alt=\"&quot;Mask Singer&quot; 2025 : Quelle c\u00e9l\u00e9brit\u00e9 se cachait sous le &quot;Brocoli&quot; et a \u00e9t\u00e9 \u00e9limin\u00e9e ce vendredi soir sur TF1 ?\" width=\"320\" height=\"180\" loading=\"lazy\" role=\"presentation\"\/><\/p>\n<p>                                            \u00ab\u00a0Mask Singer\u00a0\u00bb 2025 : Quelle c\u00e9l\u00e9brit\u00e9 se cachait sous le \u00ab\u00a0Brocoli\u00a0\u00bb et a \u00e9t\u00e9 \u00e9limin\u00e9e ce vendredi soir sur TF1 ?<\/p>\n","protected":false},"excerpt":{"rendered":"Par Anne Lenoir | Journaliste Les s\u00e9ries, Anne Lenoir est tomb\u00e9e dedans quand elle \u00e9tait petite. Biberonn\u00e9e aux&hellip;\n","protected":false},"author":2,"featured_media":386036,"comment_status":"","ping_status":"","sticky":false,"template":"","format":"standard","meta":{"footnotes":""},"categories":[1356],"tags":[58,59,1011,27,252,1364],"class_list":{"0":"post-386035","1":"post","2":"type-post","3":"status-publish","4":"format-standard","5":"has-post-thumbnail","7":"category-television","8":"tag-divertissement","9":"tag-entertainment","10":"tag-fr","11":"tag-france","12":"tag-television","13":"tag-tv"},"share_on_mastodon":{"url":"https:\/\/pubeurope.com\/@fr\/115192993494570351","error":""},"_links":{"self":[{"href":"https:\/\/www.europesays.com\/fr\/wp-json\/wp\/v2\/posts\/386035","targetHints":{"allow":["GET"]}}],"collection":[{"href":"https:\/\/www.europesays.com\/fr\/wp-json\/wp\/v2\/posts"}],"about":[{"href":"https:\/\/www.europesays.com\/fr\/wp-json\/wp\/v2\/types\/post"}],"author":[{"embeddable":true,"href":"https:\/\/www.europesays.com\/fr\/wp-json\/wp\/v2\/users\/2"}],"replies":[{"embeddable":true,"href":"https:\/\/www.europesays.com\/fr\/wp-json\/wp\/v2\/comments?post=386035"}],"version-history":[{"count":0,"href":"https:\/\/www.europesays.com\/fr\/wp-json\/wp\/v2\/posts\/386035\/revisions"}],"wp:featuredmedia":[{"embeddable":true,"href":"https:\/\/www.europesays.com\/fr\/wp-json\/wp\/v2\/media\/386036"}],"wp:attachment":[{"href":"https:\/\/www.europesays.com\/fr\/wp-json\/wp\/v2\/media?parent=386035"}],"wp:term":[{"taxonomy":"category","embeddable":true,"href":"https:\/\/www.europesays.com\/fr\/wp-json\/wp\/v2\/categories?post=386035"},{"taxonomy":"post_tag","embeddable":true,"href":"https:\/\/www.europesays.com\/fr\/wp-json\/wp\/v2\/tags?post=386035"}],"curies":[{"name":"wp","href":"https:\/\/api.w.org\/{rel}","templated":true}]}}