{"id":386037,"date":"2025-09-12T19:32:13","date_gmt":"2025-09-12T19:32:13","guid":{"rendered":"https:\/\/www.europesays.com\/fr\/386037\/"},"modified":"2025-09-12T19:32:13","modified_gmt":"2025-09-12T19:32:13","slug":"gorillaz-annonce-the-mountain-un-nouvel-album-avec-plein-dinvites-morts","status":"publish","type":"post","link":"https:\/\/www.europesays.com\/fr\/386037\/","title":{"rendered":"Gorillaz annonce \u201cThe Mountain\u201d, un nouvel album avec plein d\u2019invit\u00e9s\u2026 morts"},"content":{"rendered":"<p>      Le neuvi\u00e8me album du groupe pilot\u00e9 par Damon Albarn et Jamie Hewlett devrait sortir le 20\u00a0mars 2026. Signe distinctif\u00a0: une partie de son casting de stars, comme Dennis Hopper, Tony Allen ou Mark E. Smith, a pass\u00e9 l\u2019arme \u00e0 gauche.              <a href=\"https:\/\/www.europesays.com\/fr\/wp-content\/uploads\/2025\/09\/c1d70e3_upload-1-mf8ybqrsnjyy-goril.jpg\" data-pswp-width=\"\" data-pswp-height=\"\" class=\"media__hd\" target=\"_blank\">      <img decoding=\"async\" fetchpriority=\"high\" src=\"https:\/\/www.europesays.com\/fr\/wp-content\/uploads\/2025\/09\/c1d70e3_upload-1-mf8ybqrsnjyy-goril.jpg\" class=\"media__picture js-media-zoom-main \" alt=\"La pochette de l\u2019album \u00ab\u00a0The Mountain\u00a0\u00bb, de Gorillaz.\" title=\"Gorillaz\"\/>      <\/p>\n<p class=\"media__legend\"> La pochette de l\u2019album \u00ab\u00a0The Mountain\u00a0\u00bb, de Gorillaz.  Gorillaz  <\/p>\n<p>     <\/a>                    <\/p>\n<p class=\"author author--simple\">Par  <a class=\"author author--link\" href=\"https:\/\/www.telerama.fr\/recherche\/articles?q=Johanna+Seban\" rel=\"nofollow noopener\" target=\"_blank\"> Johanna Seban <\/a>    <\/p>\n<p class=\"publication__date\">Publi\u00e9 le 12 septembre 2025 \u00e0 16h18<\/p>\n<p>   Partager   <\/p>\n<ul class=\"sharing-popin--results\">\n<li class=\"sharing-popin--item sharing-popin--item-container\"> Partage  <\/li>\n<li data-share=\"linkedin\" class=\"sharing-popin--item\">  LinkedIn <\/li>\n<li data-share=\"facebook\" class=\"sharing-popin--item\">  Facebook <\/li>\n<li data-share=\"mail\" data-social=\"mail\" class=\"sharing-popin--item\">  Envoyer par email <\/li>\n<li data-share=\"copy\" class=\"sharing-popin--item\">  Copier le lien <\/li>\n<\/ul>\n<p>        Favoris       <\/p>\n<p>                <a class=\"openapp__link\" data-event=\"click-open-app\" data-deep-link=\"tlrm:\/\/element?id=\/musique\/gorillaz-annonce-the-mountain-un-nouvel-album-avec-plein-d-invites-morts-7027349.php&amp;source=deeplink_site\">  Lire dans l&rsquo;application<br \/>\n  <\/a>                               <\/p>\n<p class=\"paragraph\">Il y a un quart de si\u00e8cle, en marge de sa formation Blur, Damon Albarn publiait le premier album d\u2019un projet nomm\u00e9 Gorillaz, soit une dr\u00f4le de formation cartoon-pop, incarn\u00e9e par quatre personnages de fiction \u2014\u00a0Murdoc, Noodle, Russel et 2D. Quelques ann\u00e9es plus t\u00f4t ambassadeur du ph\u00e9nom\u00e8ne \u00ab\u00a0britpop\u00a0\u00bb, l\u2019Anglais trouvait l\u00e0 la formule id\u00e9ale pour \u00e9changer sa casquette de leader surexpos\u00e9 contre celle de chef d\u2019orchestre. Toujours aux manettes du c\u00f4t\u00e9 de la composition, il ouvrait alors les portes de son studio \u00e0 une flop\u00e9e de musiciens, comme le producteur et rappeur am\u00e9ricain Del The Funky Homosapien ou la l\u00e9gende cubaine Ibrahim Ferrer, du Buena Vista Social Club.<\/p>\n<p class=\"paragraph\">Vingt-cinq ans ont pass\u00e9, pendant lesquels Albarn n\u2019a cess\u00e9 de d\u00e9cliner ce concept d\u2019album participatif\u00a0: Lou Reed, Stevie Nicks, Bobby Womack, Grace Jones, Neneh Cherry, Beck et Snoop Dogg ont particip\u00e9 \u00e0 l\u2019aventure. L\u2019histoire se poursuivra en\u00a02026, le groupe venant d\u2019annoncer la sortie de The Mountain, neuvi\u00e8me chapitre de sa discographie (pr\u00e9vu le 20\u00a0mars). Successeur de <a target=\"_blank\" href=\"https:\/\/www.telerama.fr\/musique\/avec-cracker-island-damon-albarn-reprend-le-controle-du-vaisseau-gorillaz-7014437.php\" rel=\"nofollow noopener\">Cracker Island paru en\u00a02023<\/a>, l\u2019album a \u00e9t\u00e9 pr\u00e9sent\u00e9 sur la sc\u00e8ne de la Copper Box Arena, \u00e0 Londres, au d\u00e9but du mois, lors d\u2019une s\u00e9rie de quatre concerts (qui fut aussi l\u2019occasion pour le groupe de rejouer, en int\u00e9gralit\u00e9, ses trois premiers disques).<\/p>\n<p>                Voix d\u2019outre-tombe                       <\/p>\n<p class=\"paragraph\">Comme toujours avec Gorillaz, l\u2019annonce de l\u2019album est surtout l\u2019occasion de d\u00e9couvrir le casting qui\u00a0lui a pr\u00e9sid\u00e9. Ses quinze morceaux ont b\u00e9n\u00e9fici\u00e9 de la participation d\u2019invit\u00e9s comme Anoushka Shankar, l\u2019ex-Smiths Johnny Marr, Gruff Rhys, Omar Souleyman, Yasiin Bey (anciennement Mos Def) ou les Sparks, copilotes de <a target=\"_blank\" href=\"https:\/\/www.youtube.com\/watch?time_continue=3&amp;v=MG_npaLydKg&amp;embeds_referring_euri=https%3A%2F%2Fwww.tsugi.fr%2F&amp;source_ve_path=Mjg2NjQsMjg2NjY\" rel=\"nofollow noopener\">The Happy Dictator<\/a>, l\u2019enthousiasmant premier extrait d\u00e9voil\u00e9. Si la distribution confirme l\u2019\u00e9clectisme de Damon Albarn, la surprise vient surtout du grand nombre de noms d\u2019artistes disparus. Les voix de Dennis Hopper, Bobby Womack, Mark E. Smith (The Fall), Tony Allen et Dave Jolicoeur (De La Soul) \u00e9gayeront ce nouveau disque. Albarn, d\u00e9cid\u00e9ment surdou\u00e9, aurait-il acquis le don de ressusciter les morts\u00a0?<\/p>\n<p class=\"paragraph\">Si le groupe n\u2019a pas communiqu\u00e9 sur ce point, le sc\u00e9nario le plus probable laisse penser qu\u2019il est all\u00e9 piocher dans des enregistrements pass\u00e9s, les convives annonc\u00e9s ayant particip\u00e9 \u00e0 des sessions ant\u00e9rieures. Reste \u00e0 savoir comment les choses seront envisag\u00e9es sur sc\u00e8ne\u2026 Une tourn\u00e9e vient d\u2019\u00eatre annonc\u00e9e conjointement \u00e0 la sortie de l\u2019album, qui passera par Londres, Dublin, Madrid ou Manchester, les Fran\u00e7ais n\u2019\u00e9tant pour l\u2019instant pas concern\u00e9s. Lors de la s\u00e9rie de concerts londoniens donn\u00e9e d\u00e9but septembre, Damon Albarn, reprenant le titre Latin Simone, avait imagin\u00e9 un dispositif vid\u00e9o pour faire r\u00e9sonner \u00e0 nouveau la voix d\u2019Ibrahim Ferrer.<\/p>\n<p class=\"edito__prefixe\">   \u00c0 lire aussi :   <\/p>\n<p class=\"edito__text-container\">     <a alt=\"Lire aussi\" href=\"https:\/\/www.telerama.fr\/musique\/les-meilleurs-albums-2025-jusqu-ici-7026219.php\" class=\"article__title--edito\" rel=\"nofollow noopener\" target=\"_blank\">Les meilleurs albums 2025&#8230;\u00a0jusqu\u2019ici<\/a>  <\/p>\n<p class=\"paragraph\">Apr\u00e8s des ann\u00e9es de collaboration avec Parlophone, The Mountain para\u00eetra cette fois sur Kong Records, un label cr\u00e9\u00e9 par le groupe, qui emprunte son nom aux Kong Studios, son studio virtuel. Selon la l\u00e9gende, l\u2019\u00e9tablissement, perch\u00e9 sur une colline dans l\u2019Essex, avait ferm\u00e9 ses portes en\u00a02006. Les fans peuvent s\u2019y rendre \u00e0 nouveau via <a target=\"_blank\" href=\"https:\/\/kongstudios.gorillaz.com\/\" rel=\"nofollow noopener\">un jeu vid\u00e9o mis en ligne<\/a>, o\u00f9 ils doivent pour cela affronter des gorilles zombies errant dans un cimeti\u00e8re\u2026<\/p>\n","protected":false},"excerpt":{"rendered":"Le neuvi\u00e8me album du groupe pilot\u00e9 par Damon Albarn et Jamie Hewlett devrait sortir le 20\u00a0mars 2026. Signe&hellip;\n","protected":false},"author":2,"featured_media":386038,"comment_status":"","ping_status":"","sticky":false,"template":"","format":"standard","meta":{"footnotes":""},"categories":[1355],"tags":[58,59,1011,27,1361,873],"class_list":{"0":"post-386037","1":"post","2":"type-post","3":"status-publish","4":"format-standard","5":"has-post-thumbnail","7":"category-musique","8":"tag-divertissement","9":"tag-entertainment","10":"tag-fr","11":"tag-france","12":"tag-music","13":"tag-musique"},"share_on_mastodon":{"url":"https:\/\/pubeurope.com\/@fr\/115192997276306189","error":""},"_links":{"self":[{"href":"https:\/\/www.europesays.com\/fr\/wp-json\/wp\/v2\/posts\/386037","targetHints":{"allow":["GET"]}}],"collection":[{"href":"https:\/\/www.europesays.com\/fr\/wp-json\/wp\/v2\/posts"}],"about":[{"href":"https:\/\/www.europesays.com\/fr\/wp-json\/wp\/v2\/types\/post"}],"author":[{"embeddable":true,"href":"https:\/\/www.europesays.com\/fr\/wp-json\/wp\/v2\/users\/2"}],"replies":[{"embeddable":true,"href":"https:\/\/www.europesays.com\/fr\/wp-json\/wp\/v2\/comments?post=386037"}],"version-history":[{"count":0,"href":"https:\/\/www.europesays.com\/fr\/wp-json\/wp\/v2\/posts\/386037\/revisions"}],"wp:featuredmedia":[{"embeddable":true,"href":"https:\/\/www.europesays.com\/fr\/wp-json\/wp\/v2\/media\/386038"}],"wp:attachment":[{"href":"https:\/\/www.europesays.com\/fr\/wp-json\/wp\/v2\/media?parent=386037"}],"wp:term":[{"taxonomy":"category","embeddable":true,"href":"https:\/\/www.europesays.com\/fr\/wp-json\/wp\/v2\/categories?post=386037"},{"taxonomy":"post_tag","embeddable":true,"href":"https:\/\/www.europesays.com\/fr\/wp-json\/wp\/v2\/tags?post=386037"}],"curies":[{"name":"wp","href":"https:\/\/api.w.org\/{rel}","templated":true}]}}