{"id":386039,"date":"2025-09-12T19:33:10","date_gmt":"2025-09-12T19:33:10","guid":{"rendered":"https:\/\/www.europesays.com\/fr\/386039\/"},"modified":"2025-09-12T19:33:10","modified_gmt":"2025-09-12T19:33:10","slug":"28-ans-plus-tard-sur-netflix-en-2025-la-suite-culte-dhorreur-post-apocalyptique","status":"publish","type":"post","link":"https:\/\/www.europesays.com\/fr\/386039\/","title":{"rendered":"28 ans plus tard sur Netflix en 2025 la suite culte d\u2019horreur post-apocalyptique"},"content":{"rendered":"<p>Quel est le secret d\u2019une franchise qui revient plus forte que jamais, plus de deux d\u00e9cennies apr\u00e8s son lancement ? Pour tous les fans de films d\u2019horreur et de zombies, la r\u00e9ponse est d\u00e9sormais claire.<\/p>\n<p><strong>28 ans plus tard<\/strong>, la suite tr\u00e8s attendue de la saga culte d\u00e9but\u00e9e en 2002, s\u2019appr\u00eate \u00e0 d\u00e9ferler sur Netflix d\u00e8s le<strong> 20 septembre 2025<\/strong>. Et ce n\u2019est que le d\u00e9but d\u2019un nouveau cycle haletant pour cette licence mythique, qui nous r\u00e9serve une trilogie in\u00e9dite et un avenir prometteur au cin\u00e9ma.<\/p>\n<p>Pour les passionn\u00e9s, ce retour est plus qu\u2019une simple suite. Il s\u2019agit d\u2019un rendez-vous avec l\u2019un des univers d\u2019horreur les plus influents et marquants du XXIe si\u00e8cle. J\u2019ai plong\u00e9 dans ce nouvel opus pour te raconter pourquoi ce film est une bouff\u00e9e d\u2019air frais sanglant, qui va \u00e0 la fois ravir les anciens et captiver une nouvelle g\u00e9n\u00e9ration.<\/p>\n<\/p>\n<p>La saga 28 jours plus tard : un h\u00e9ritage solide et une r\u00e9volution dans l\u2019horreur<\/p>\n<p>Tout commence en 2002 avec <strong>28 jours plus tard<\/strong>, un film r\u00e9alis\u00e9 par <b>Danny Boyle<\/b> et \u00e9crit par <b>Alex Garland<\/b>, duo d\u00e9sormais iconique. Ce film a pos\u00e9 les bases d\u2019une nouvelle \u00e8re dans le genre zombie ou plut\u00f4t infection virale. Ici, pas de morts-vivants lents, mais des infect\u00e9s furieux, rapides, impulsifs, g\u00e9n\u00e9rant une tension constante et une atmosph\u00e8re oppressante. Ce parti pris a litt\u00e9ralement <strong>r\u00e9volutionn\u00e9 la repr\u00e9sentation des zombies \u00e0 l\u2019\u00e9cran<\/strong> et a influenc\u00e9 des centaines de productions dans la d\u00e9cennie qui a suivi.<\/p>\n<p>28 jours plus tard raconte la propagation catastrophique du \u00ab virus Rage \u00bb, provoquant une \u00e9pid\u00e9mie qui d\u00e9truit la civilisation britannique. Avec son style visuel granuleux typique du d\u00e9but des ann\u00e9es 2000, il ancre le spectateur dans une ambiance post-apocalyptique et r\u00e9aliste. La r\u00e9ussite critique et publique fut \u00e9clatante, propulsant aussi le com\u00e9dien Cillian Murphy sous les projecteurs. <strong>28 semaines plus tard<\/strong>, en 2007, a prolong\u00e9 cette histoire avec moins de magie, mais un succ\u00e8s notable, posant les jalons d\u2019une franchise qui s\u2019appr\u00eate d\u00e9sormais \u00e0 rena\u00eetre.<\/p>\n<p>28 ans plus tard : une nouvelle \u00e8re au c\u0153ur du post-apocalyptique<\/p>\n<p>Le 20 septembre 2025 marque une \u00e9tape majeure avec la sortie de <strong>28 ans plus tard<\/strong> sur Netflix, dirig\u00e9 \u00e0 nouveau par Danny Boyle et sc\u00e9naris\u00e9 par Alex Garland. Cette fois, l\u2019action se d\u00e9place sur l\u2019\u00eele sacr\u00e9e de Lindisfarne, une communaut\u00e9 isol\u00e9e et prot\u00e9g\u00e9e par une causeway, o\u00f9 la vie tente de survivre malgr\u00e9 le fl\u00e9au viral.<\/p>\n<p>Le film explore un univers o\u00f9 la soci\u00e9t\u00e9 s\u2019est effondr\u00e9e, laissant place \u00e0 des <strong>structures tribales rigides, des rites d\u2019initiation violents<\/strong> et une atmosph\u00e8re inqui\u00e9tante. On suit Jamie, un chasseur aguerri, son \u00e9pouse Isla, victime d\u2019une maladie myst\u00e9rieuse, et leur fils Spike qui s\u2019appr\u00eate \u00e0 franchir un cap initiatique en allant sur le continent. Le r\u00e9cit m\u00eale drame familial, horreur visc\u00e9rale et r\u00e9flexion sur ce que devient l\u2019humanit\u00e9 lorsque tout s\u2019effondre.<\/p>\n<p>Avec une mise en sc\u00e8ne ma\u00eetris\u00e9e et des acteurs forts comme Aaron Taylor-Johnson et Jodie Comer, <strong>28 ans plus tard<\/strong> propose une trilogie renouvel\u00e9e, ambitieuse et sombre. C\u2019est un retour aux racines m\u00eal\u00e9 \u00e0 une approche plus mature et fouill\u00e9e, offrant un regard neuf sur la survie et les mutations du monde post-virus.<\/p>\n<p>Un nouveau souffle pour la franchise avec une trilogie ambitieuse<\/p>\n<p>Au-del\u00e0 de cette premi\u00e8re sortie Netflix, le futur s\u2019annonce charg\u00e9. En janvier 2026, on attend la suite au cin\u00e9ma : <strong>28 ans plus tard : Le Temple des Os<\/strong>, r\u00e9alis\u00e9e par Nia DaCosta, r\u00e9alisatrice acclam\u00e9e de Candyman. Ce film prolongera l\u2019exploration de ce nouvel univers, avec une esth\u00e9tique et des enjeux renouvel\u00e9s.<\/p>\n<p>Danny Boyle lui-m\u00eame devrait faire son grand retour pour le troisi\u00e8me volet, bouclant ainsi un cycle complet et promettant une logique narrative coh\u00e9rente et passionnante. Ce projet triple marque une ambition claire : redonner \u00e0 la franchise sa stature iconique, tout en s\u2019adaptant aux attentes des fans modernes.<\/p>\n<p>Pourquoi 28 ans plus tard est d\u00e9j\u00e0 la meilleure suite d\u2019horreur de 2025 ?<\/p>\n<p>Le buzz autour de <strong>28 ans plus tard<\/strong> est \u00e9norme, et il ne s\u2019agit pas seulement d\u2019un effet de nostalgie. Les premi\u00e8res critiques soulignent la capacit\u00e9 du film \u00e0 <strong>allier horreur intense, drame \u00e9motionnel et r\u00e9flexion profonde<\/strong>. La verticalit\u00e9 du sc\u00e9nario\u00a0 entre d\u00e9cors sauvages, ali\u00e9nation et brutalit\u00e9 sociale \u00e9l\u00e8ve le film au-del\u00e0 du simple film de zombies.<\/p>\n<p>Le retour du duo Boyle-Garland est un gage de qualit\u00e9 qui rassure et impressionne. Leur capacit\u00e9 \u00e0 raconter des histoires humaines au c\u0153ur du chaos viral fait toute la diff\u00e9rence, contrairement aux suites d\u2019horreur classiques parfois creuses.<\/p>\n<p>Le regard que je porte sur ce retour attendu<\/p>\n<p>En tant que passionn\u00e9 de pop culture, je vois ce nouveau volet comme un <strong>spectacle sensoriel et narratif<\/strong> jubilatoire. Il redonne de la vie \u00e0 un univers qui avait besoin d\u2019un coup de frais, tout en pr\u00e9servant le s\u00e9rieux et la tension qui ont fait le succ\u00e8s des pr\u00e9c\u00e9dents films.<\/p>\n<p>Le m\u00e9lange entre surnaturel et r\u00e9aliste, la plong\u00e9e dans de nouvelles dynamiques sociales, les enjeux familiaux et les sc\u00e8nes de chasse rythment cette intrigue, offrant un panorama original et charg\u00e9 d\u2019\u00e9motions. C\u2019est un pari r\u00e9ussi pour Netflix, qui confirme ici son r\u00f4le dans la diffusion des films d\u2019auteur et de genre.<\/p>\n<p>Les indispensables \u00e0 savoir avant de voir 28 ans plus tard<\/p>\n<ul>\n<li>Le film s\u2019inscrit dans la continuit\u00e9 des pr\u00e9c\u00e9dents, mais se suffit aussi \u00e0 lui-m\u00eame. Une connaissance de <strong>28 jours plus tard<\/strong> est un plus, mais pas obligatoire pour appr\u00e9cier le r\u00e9cit.<\/li>\n<li>Attends-toi \u00e0 une ambiance tr\u00e8s sombre, o\u00f9 la survie se joue autant contre les infect\u00e9s que contre tes propres d\u00e9mons int\u00e9rieurs.<\/li>\n<li>Ce volet initie un triptyque qui promet d\u2019explorer diff\u00e9rentes facettes du monde post-Rage virus.<\/li>\n<\/ul>\n<p>Tu peux donc te pr\u00e9parer \u00e0 un nouvel univers riche, complexe et visuellement marquant, qui va occuper le panth\u00e9on des s\u00e9ries d\u2019horreur pour les ann\u00e9es \u00e0 venir.<\/p>\n<p>L\u2019impact culturel et la place dans l\u2019histoire du film d\u2019horreur<\/p>\n<p>Depuis 2002, <strong>28 jours plus tard<\/strong> a influenc\u00e9 toute une g\u00e9n\u00e9ration de films et s\u00e9ries, contribuant \u00e0 replacer le film d\u2019horreur en tension permanente plut\u00f4t qu\u2019en simple gore ou effet cheap. C\u2019est aussi l\u2019un des premiers \u00e0 traiter <b>l\u2019apocalypse virale<\/b> avec une intensit\u00e9 psychologique forte, une formule qu\u2019on retrouve aujourd\u2019hui dans de nombreuses \u0153uvres post-pand\u00e9miques.<\/p>\n<p>Ce comeback arrive \u00e0 point nomm\u00e9, dans une p\u00e9riode o\u00f9 le public est plus attentif aux repr\u00e9sentations de l\u2019effondrement, de la peur sociale, et de l\u2019inconnu. 28 ans plus tard parle autant d\u2019horreur que d\u2019humanit\u00e9, d\u2019espoir t\u00e9nu que d\u2019isolement radical.<\/p>\n<p>En filigrane, la marque de fabrique Boyle-Garland reste intacte : un dosage parfait entre frissons, c\u0153ur, et intelligence narrative.<\/p>\n","protected":false},"excerpt":{"rendered":"Quel est le secret d\u2019une franchise qui revient plus forte que jamais, plus de deux d\u00e9cennies apr\u00e8s son&hellip;\n","protected":false},"author":2,"featured_media":386040,"comment_status":"","ping_status":"","sticky":false,"template":"","format":"standard","meta":{"footnotes":""},"categories":[1354],"tags":[58,59,1346,1011,27,1360],"class_list":{"0":"post-386039","1":"post","2":"type-post","3":"status-publish","4":"format-standard","5":"has-post-thumbnail","7":"category-films","8":"tag-divertissement","9":"tag-entertainment","10":"tag-films","11":"tag-fr","12":"tag-france","13":"tag-movies"},"share_on_mastodon":{"url":"https:\/\/pubeurope.com\/@fr\/115193001032046263","error":""},"_links":{"self":[{"href":"https:\/\/www.europesays.com\/fr\/wp-json\/wp\/v2\/posts\/386039","targetHints":{"allow":["GET"]}}],"collection":[{"href":"https:\/\/www.europesays.com\/fr\/wp-json\/wp\/v2\/posts"}],"about":[{"href":"https:\/\/www.europesays.com\/fr\/wp-json\/wp\/v2\/types\/post"}],"author":[{"embeddable":true,"href":"https:\/\/www.europesays.com\/fr\/wp-json\/wp\/v2\/users\/2"}],"replies":[{"embeddable":true,"href":"https:\/\/www.europesays.com\/fr\/wp-json\/wp\/v2\/comments?post=386039"}],"version-history":[{"count":0,"href":"https:\/\/www.europesays.com\/fr\/wp-json\/wp\/v2\/posts\/386039\/revisions"}],"wp:featuredmedia":[{"embeddable":true,"href":"https:\/\/www.europesays.com\/fr\/wp-json\/wp\/v2\/media\/386040"}],"wp:attachment":[{"href":"https:\/\/www.europesays.com\/fr\/wp-json\/wp\/v2\/media?parent=386039"}],"wp:term":[{"taxonomy":"category","embeddable":true,"href":"https:\/\/www.europesays.com\/fr\/wp-json\/wp\/v2\/categories?post=386039"},{"taxonomy":"post_tag","embeddable":true,"href":"https:\/\/www.europesays.com\/fr\/wp-json\/wp\/v2\/tags?post=386039"}],"curies":[{"name":"wp","href":"https:\/\/api.w.org\/{rel}","templated":true}]}}