{"id":386041,"date":"2025-09-12T19:34:17","date_gmt":"2025-09-12T19:34:17","guid":{"rendered":"https:\/\/www.europesays.com\/fr\/386041\/"},"modified":"2025-09-12T19:34:17","modified_gmt":"2025-09-12T19:34:17","slug":"explosion-du-nombre-de-cas-dans-cet-arrondissement-une-ecole-maternelle-touchee","status":"publish","type":"post","link":"https:\/\/www.europesays.com\/fr\/386041\/","title":{"rendered":"explosion du nombre de cas dans cet arrondissement, une \u00e9cole maternelle touch\u00e9e"},"content":{"rendered":"<p>Le virus s\u2019est faufil\u00e9 dans l\u2019enceinte de l\u2019\u00e9cole maternelle Claudius-Berthelier (Lyon 7e). \u00ab\u00a0Un cas d\u2019h\u00e9patite A concernant un enfant vient de nous \u00eatre signal\u00e9\u00a0\u00bb, ont r\u00e9venu conjointement l\u2019Agence r\u00e9gionale de sant\u00e9 (ARS) et la Ville dans un courrier distribu\u00e9 \u00e0 plusieurs parents d\u2019\u00e9l\u00e8ves ce vendredi matin, que nous avons pu lire. L\u2019\u00e9tablissement \u00e9tait ouvert malgr\u00e9 tout.<\/p>\n<p>\u00ab\u00a0Il s\u2019agit du seul cas identifi\u00e9 \u00e0 date (au sein de l\u2019\u00e9cole), rassure la municipalit\u00e9, contact\u00e9e\u00a0par Le Progr\u00e8s.\u00a0Lors de la d\u00e9couverte de cette situation, le personnel a appliqu\u00e9 le protocole et les&#8230;<\/p>\n","protected":false},"excerpt":{"rendered":"Le virus s\u2019est faufil\u00e9 dans l\u2019enceinte de l\u2019\u00e9cole maternelle Claudius-Berthelier (Lyon 7e). \u00ab\u00a0Un cas d\u2019h\u00e9patite A concernant un&hellip;\n","protected":false},"author":2,"featured_media":386042,"comment_status":"","ping_status":"","sticky":false,"template":"","format":"standard","meta":{"footnotes":""},"categories":[10],"tags":[2757,1057,107,1011,27,72,2428,2756,2429,71],"class_list":{"0":"post-386041","1":"post","2":"type-post","3":"status-publish","4":"format-standard","5":"has-post-thumbnail","7":"category-sante","8":"tag-edition-lyon-villeurbanne","9":"tag-education","10":"tag-fil-info","11":"tag-fr","12":"tag-france","13":"tag-health","14":"tag-lyon","15":"tag-lyon-bassin","16":"tag-rhone","17":"tag-sante"},"share_on_mastodon":{"url":"https:\/\/pubeurope.com\/@fr\/115193005043426961","error":""},"_links":{"self":[{"href":"https:\/\/www.europesays.com\/fr\/wp-json\/wp\/v2\/posts\/386041","targetHints":{"allow":["GET"]}}],"collection":[{"href":"https:\/\/www.europesays.com\/fr\/wp-json\/wp\/v2\/posts"}],"about":[{"href":"https:\/\/www.europesays.com\/fr\/wp-json\/wp\/v2\/types\/post"}],"author":[{"embeddable":true,"href":"https:\/\/www.europesays.com\/fr\/wp-json\/wp\/v2\/users\/2"}],"replies":[{"embeddable":true,"href":"https:\/\/www.europesays.com\/fr\/wp-json\/wp\/v2\/comments?post=386041"}],"version-history":[{"count":0,"href":"https:\/\/www.europesays.com\/fr\/wp-json\/wp\/v2\/posts\/386041\/revisions"}],"wp:featuredmedia":[{"embeddable":true,"href":"https:\/\/www.europesays.com\/fr\/wp-json\/wp\/v2\/media\/386042"}],"wp:attachment":[{"href":"https:\/\/www.europesays.com\/fr\/wp-json\/wp\/v2\/media?parent=386041"}],"wp:term":[{"taxonomy":"category","embeddable":true,"href":"https:\/\/www.europesays.com\/fr\/wp-json\/wp\/v2\/categories?post=386041"},{"taxonomy":"post_tag","embeddable":true,"href":"https:\/\/www.europesays.com\/fr\/wp-json\/wp\/v2\/tags?post=386041"}],"curies":[{"name":"wp","href":"https:\/\/api.w.org\/{rel}","templated":true}]}}