{"id":386043,"date":"2025-09-12T19:35:14","date_gmt":"2025-09-12T19:35:14","guid":{"rendered":"https:\/\/www.europesays.com\/fr\/386043\/"},"modified":"2025-09-12T19:35:14","modified_gmt":"2025-09-12T19:35:14","slug":"en-direct-marseille-lorient-trois-buts-en-trente-minutes-avec-un-pavard-deja-decisif-lom-se-balade-face-a-des-bretons-reduits-a-dix","status":"publish","type":"post","link":"https:\/\/www.europesays.com\/fr\/386043\/","title":{"rendered":"EN DIRECT &#8211; Marseille-Lorient : trois buts en trente minutes avec un Pavard (d\u00e9j\u00e0) d\u00e9cisif, l\u2019OM se balade face \u00e0 des Bretons r\u00e9duits \u00e0 dix"},"content":{"rendered":"<p>L\u2019Olympique de Marseille (10e) ouvre vendredi soir la quatri\u00e8me journ\u00e9e de Ligue 1 en recevant le mal class\u00e9 lorientais (16e). Les Phoc\u00e9ens pourront compter sur leurs nombreuses recrues estivales face aux Bretons.<\/p>\n<p>\n        21:31\n            <\/p>\n<p class=\"fig-live-post__title\" role=\"heading\" aria-level=\"3\">Gouiri quitte ses partenaires (42e, 3-0)<\/p>\n<p class=\"fig-paragraph\">L\u2019attaquant phoc\u00e9en est contraint de laisser sa place \u00e0 O\u2019riley suite au choc avec Me\u00eft\u00e9. Le d\u00e9fenseur lorientais est auteur d\u2019un geste tr\u00e8s dangereux et mal ex\u00e9cut\u00e9 envers l\u2019ancien Rennais. Pas de penalty apr\u00e8s v\u00e9rification de la VAR puisque Gouiri \u00e9tait hors-jeu de quelques centim\u00e8tres. Me\u00eft\u00e9 et les Merlus s\u2019en sortent tr\u00e8s bien.<\/p>\n<p>\n        21:28\n            <\/p>\n<p class=\"fig-live-post__title\" role=\"heading\" aria-level=\"3\">En vid\u00e9o, le 3e but marseillais sign\u00e9 Gomes d\u2019un encha\u00eenement sublime sur corner !<\/p>\n<p>\n        21:26\n            <\/p>\n<p class=\"fig-live-post__title\" role=\"heading\" aria-level=\"3\">Gouiri touch\u00e9 (38e, 3-0)<\/p>\n<p class=\"fig-paragraph\">Suite \u00e0 un choc violent dans la surface bretonne, l\u2019avant-centre marseillais reste au sol et semble bless\u00e9. Le changement devrait avoir lieu.<\/p>\n<p>\n        21:24\n            <\/p>\n<p class=\"fig-live-post__title\" role=\"heading\" aria-level=\"3\">Les Merlus maudits sur coups de pied arr\u00eat\u00e9s (36e, 3-0)<\/p>\n<p class=\"fig-paragraph\">Deux buts encaiss\u00e9s sur corners et un sur penalty&#8230; Les Bretons n\u2019y sont pas. L\u2019addition s\u2019annonce sal\u00e9e.<\/p>\n<p>\n        21:20\n            <\/p>\n<p class=\"fig-live-post__title\" role=\"heading\" aria-level=\"3\">BUT DE L\u2019OM !!! (33e, 3-0)<\/p>\n<p class=\"fig-paragraph\">Quel but de Gomes\u00a0! Une reprise de viol\u00e9e sublime du gauche \u00e0 l\u2019entr\u00e9e de la surface bretonne\u00a0! Un contr\u00f4le et un encha\u00eenement magique sur corner. L\u2019OM se r\u00e9gale. 3-0.<\/p>\n<p>\n        21:19\n            <\/p>\n<p class=\"fig-live-post__title\" role=\"heading\" aria-level=\"3\">Pas de nouveau penalty pour l\u2019OM (30e, 2-0)<\/p>\n<p class=\"fig-paragraph\">Nadir p\u00e9n\u00e8tre \u00e0 gauche de la surface bretonne et s\u2019effondre apr\u00e8s un contact. M. Leonard ne bronche pas cette fois-ci.<\/p>\n<p>\n        21:17\n            <\/p>\n<p class=\"fig-live-post__title\" role=\"heading\" aria-level=\"3\">Pavard averti (27e, 2-0)<\/p>\n<p class=\"fig-paragraph\">Faute du champion du monde 2018 et carton jaune s\u00e9v\u00e8re d\u00e9gain\u00e9 par l\u2019arbitre principale de la rencontre M. Leonard.<\/p>\n<p>\n        21:14\n            <\/p>\n<p class=\"fig-live-post__title\" role=\"heading\" aria-level=\"3\">Lorient et la peur du vide (25e, 2-0)<\/p>\n<p class=\"fig-paragraph\">\u00c9trill\u00e9s il y a deux semaines \u00e0 domicile par les Lillois (1-7), les Merlus sont bien partis pour vivre un nouveau calvaire ce soir&#8230; 2-0 au bout de seulement 20 minutes, les Morbihannais vont devoir faire le dos rond.<\/p>\n<p>\n        21:12\n            <\/p>\n<p class=\"fig-live-post__title\" role=\"heading\" aria-level=\"3\">Le premier but de Pavard pour l\u2019OM en vid\u00e9o !<\/p>\n<p>\n        21:10\n            <\/p>\n<p class=\"fig-live-post__title\" role=\"heading\" aria-level=\"3\">Le carton rouge de Yongma en vid\u00e9o !<\/p>\n<p>\n        21:07\n            <\/p>\n<p class=\"fig-live-post__title\" role=\"heading\" aria-level=\"3\">BUT DE L\u2019OM !! (20e, 2-0)<\/p>\n<p class=\"fig-paragraph\">Quelle histoire\u00a0! Pavard vient doubler la mise de la t\u00eate sur corner\u00a0! Quel coup de casque. 2-0 pour Marseille. Le V\u00e9lodrome est bouillant\u00a0!<\/p>\n<p>\n        21:05\n            <\/p>\n<p class=\"fig-live-post__title\" role=\"heading\" aria-level=\"3\">L\u2019OM confisque le ballon (18e, 1-0)<\/p>\n<p class=\"fig-paragraph\">Dans un fauteuil, les Marseillais d\u00e9roulent tranquillement leur jeu face \u00e0 des Merlus, accul\u00e9s, qui ne ressortent plus.<\/p>\n<p>\n        21:04\n            <\/p>\n<p class=\"fig-live-post__title\" role=\"heading\" aria-level=\"3\">Lorient met le \u00abbus\u00bb (15e, 1-0)<\/p>\n<p class=\"fig-paragraph\">Dor\u00e9navant en inf\u00e9riorit\u00e9 num\u00e9rique, les Bretons vont devoir \u00e9norm\u00e9ment d\u00e9fendre et jouer parfaitement leurs coups offensifs. La soir\u00e9e s\u2019annonce (tr\u00e8s) longue pour les hommes d\u2019Olivier Pantaloni.<\/p>\n<p>\n        20:58\n            <\/p>\n<p class=\"fig-live-post__title\" role=\"heading\" aria-level=\"3\">BUT DE L\u2019OM !! (12e, 1-0)<\/p>\n<p class=\"fig-paragraph\">Greenwood transforme le penalty sans trembler\u00a0! Contre-pied parfait. Mvogo ne peut rien faire. 1-0 pour l\u2019OM.<\/p>\n<p>\n        20:57\n            <\/p>\n<p class=\"fig-live-post__title\" role=\"heading\" aria-level=\"3\">Penalty pour l\u2019OM et carton rouge pour Yongwa ! (9e, 0-0)<\/p>\n<p class=\"fig-paragraph\">Murillo signe un appel tranchant dans le dos de Yongwa qui, dans sa surface, ne peut stopper r\u00e9guli\u00e8rement le Marseillais. Penalty et carton rouge direct pour le d\u00e9fenseur breton\u00a0! Gros coup dur d\u2019entr\u00e9e pour les Merlus.<\/p>\n<p>\n        20:55\n            <\/p>\n<p class=\"fig-live-post__title\" role=\"heading\" aria-level=\"3\">Les Bretons g\u00ean\u00e9s (7e, 0-0)<\/p>\n<p class=\"fig-paragraph\">Mvogo relance jusqu\u2019\u00e0 Karim, qui parvient \u00e0 contr\u00f4ler difficilement. Faute olympienne dans la foul\u00e9e. Les Phoc\u00e9ens \u00e9voluent tr\u00e8s haut sur le terrain depuis le coup d\u2019envoi. Les Lorientais manquent de temps et semblent fortement sous pression.<\/p>\n<p>\n        20:52\n            <\/p>\n<p class=\"fig-live-post__title\" role=\"heading\" aria-level=\"3\">L\u2019encha\u00eenement de Greenwood !! (5e, 0-0)<\/p>\n<p class=\"fig-paragraph\">L\u2019attaquant de l\u2019OM est trouv\u00e9 \u00e0 l\u2019entr\u00e9e de la surface lorientaise avant de signer un superbe double contact, suivi d\u2019une lourde frappe du gauche. Cette derni\u00e8re vient fuir de peu le but de Mvogo\u00a0! Premi\u00e8re occasion du match pour les Marseillais.<\/p>\n<p>\n        20:50\n            <\/p>\n<p class=\"fig-live-post__title\" role=\"heading\" aria-level=\"3\">Pavard intervient en force (3e, 0-0)<\/p>\n<p class=\"fig-paragraph\">Les Lorientais r\u00e9cup\u00e8rent le ballon dans l\u2019entrejeu et envoient Karim sur l\u2019aile gauche. Ce dernier transmet \u00e0 Yongwa qui se fait reprendre par Pavard le long de la ligne de touche.<\/p>\n<p>\n        20:48\n            <\/p>\n<p class=\"fig-live-post__title\" role=\"heading\" aria-level=\"3\">Greenwood dose mal (2e, 0-0)<\/p>\n<p class=\"fig-paragraph\">Gouiri r\u00e9alise l\u2019appel dans le dos de la d\u00e9fense bretonne mais son co\u00e9quipier anglais n\u2019assure pas son ouverture. Le cuir termine dans les gants de Mvogo.<\/p>\n<p>\n        20:47\n            <\/p>\n<p class=\"fig-live-post__title\" role=\"heading\" aria-level=\"3\">Premier ballon pour Pavard (1e, 0-0)<\/p>\n<p class=\"fig-paragraph\">Les Marseillais posent tranquillement leur jeu. L\u2019international fran\u00e7ais cherche l\u2019ouverture entre les lignes ballon au pied.<\/p>\n<p>\n        20:45\n            <\/p>\n<p class=\"fig-live-post__title\" role=\"heading\" aria-level=\"3\">Coup d\u2019envoi<\/p>\n<p class=\"fig-paragraph\">C\u2019est parti pour ce Marseille-Lorient\u00a0! Bon match \u00e0 tous.<\/p>\n<p>\n        20:41\n            <\/p>\n<p class=\"fig-live-post__title\" role=\"heading\" aria-level=\"3\">Fin de l\u2019\u00e9chauffement dans quelques secondes !<\/p>\n<p>\n        20:24\n            <\/p>\n<p class=\"fig-live-post__title\" role=\"heading\" aria-level=\"3\">Les recrues marseillaises pr\u00e9sent\u00e9es au V\u00e9lodrome avant le coup d\u2019envoi<\/p>\n<p>\n        20:23\n            <\/p>\n<p class=\"fig-live-post__title\" role=\"heading\" aria-level=\"3\">Pavard pour s\u2019inscrire (durablement) \u00e0 l\u2019OM ?<\/p>\n<p class=\"fig-paragraph\">Alors qu\u2019<a href=\"http:\/\/www.lefigaro.fr\/sports\/football\/italie\/serie-a-rabiot-ac-milan-affirme-s-etre-reconcilie-avec-rowe-depuis-leur-bagarre-20250912\" data-fig-type=\"NewsFlash\" data-gtm-custom-categorie=\"navigation\" data-gtm-custom-action=\"crossclick\" data-gtm-custom-label=\"Contextuel\" data-gtm-event=\"customEventSPE\" data-fig-domain=\"LEFIGARO\" target=\"_blank\" rel=\"noopener\">Adrien Rabiot<\/a>, arriv\u00e9 tout fringant l\u2019\u00e9t\u00e9 dernier dans la cit\u00e9 phoc\u00e9enne, a d\u00fb plier bagage plus vite que pr\u00e9vu lors du mercato estival, son compatriote\u00a0<a href=\"http:\/\/www.lefigaro.fr\/sports\/football\/equipe-de-france\/pourquoi-benjamin-pavard-a-dit-oui-a-l-om-20250902\" data-fig-type=\"Article\" data-gtm-custom-categorie=\"navigation\" data-gtm-custom-action=\"crossclick\" data-gtm-custom-label=\"Contextuel\" data-gtm-event=\"customEventSPE\" data-fig-domain=\"LEFIGARO\" target=\"_blank\" rel=\"noopener\">Benjamin Pavard<\/a>\u00a0arrive \u00e9galement avec son exp\u00e9rience afin de renforcer le groupe de Roberto De Zerbi. Recrue star et surprise de l\u2019OM, le d\u00e9fenseur retrouve la Ligue\u00a01 en pensant \u00e0 la Coupe du monde 2026. Un d\u00e9cryptage \u00e0 retrouver ci-dessous\u00a0:<\/p>\n<p class=\"fig-body-link\">\n            \u00c0 lire aussi<br \/>\n        <a class=\"fig-body-link__link fig-premium-mark\" href=\"http:\/\/www.lefigaro.fr\/sports\/football\/equipe-de-france\/pourquoi-benjamin-pavard-a-dit-oui-a-l-om-20250902\" data-fig-type=\"Article\" data-gtm-custom-categorie=\"navigation\" data-gtm-custom-action=\"crossclick\" data-gtm-custom-label=\"Contextuel\" data-gtm-event=\"customEventSPE\" data-fig-domain=\"LEFIGARO\" target=\"_blank\" rel=\"noopener\">Mercato\u00a0: Pourquoi Benjamin Pavard a dit oui \u00e0 l\u2019OM<br \/>\n    <\/a>\n<\/p>\n<p>\n        20:15\n            <\/p>\n<p class=\"fig-live-post__title\" role=\"heading\" aria-level=\"3\">Marseille b\u00eate noire des Merlus<\/p>\n<p class=\"fig-paragraph\">L\u2019OM n\u2019a plus perdu en championnat face aux Bretons depuis 12 matches cons\u00e9cutifs. Le dernier revers au V\u00e9lodrome contre les Merlus pour les Phoc\u00e9ens remonte \u00e0&#8230; 2015.<\/p>\n<p>\n        20:08\n            <\/p>\n<p class=\"fig-live-post__title\" role=\"heading\" aria-level=\"3\">Le XI lorientais<\/p>\n<p class=\"fig-paragraph\"><strong>FCL<\/strong>\u00a0: Mvogo &#8211; Me\u00eft\u00e9, Talbi, Faye &#8211; Mvuka, Youngwa, Abergel, Cadiou &#8211; Makengo, Soumano, Karim<\/p>\n<p>\n        20:07\n            <\/p>\n<p class=\"fig-live-post__title\" role=\"heading\" aria-level=\"3\">Le XI marseillais<\/p>\n<p class=\"fig-paragraph\">\u00c7a y est, le onze olympien vient de tomber\u00a0! Celui qu\u2019on attendait tous est bien l\u00e0 ; Benjamin Pavard est titulaire au sein de la d\u00e9fense marseillaise, accompagn\u00e9 de son nouveau co\u00e9quipier venu du RC Lens, Facundo Medina.<\/p>\n<p class=\"fig-paragraph\">Le champion du monde 2018 sera associ\u00e9 \u00e0 Nayef Aguerd en charni\u00e8re central. De la nouveaut\u00e9 donc. Sur le plan offensif, le jeune Bilal Nadir aura une nouvelle chance de briller ce soir. Amine Gouiri est \u00e9galement align\u00e9 d\u2019entr\u00e9e \u00e0 la pointe de l\u2019attaque.<\/p>\n<p class=\"fig-paragraph\"><strong>OM<\/strong>\u00a0: De Lange &#8211; Murillo, Pavard, Aguerd, Medina -Gomes, Kondogbia &#8211; Greenwood, Nadir, Weah\u00a0-Gouiri<\/p>\n<p>\n        19:59\n            <\/p>\n<p class=\"fig-live-post__title\" role=\"heading\" aria-level=\"3\">L\u2019OM compte sur ses (nombreuses) recrues pour retrouver le sourire<\/p>\n<p class=\"fig-paragraph\">Battus le 31 ao\u00fbt dernier dans l\u2019<a href=\"http:\/\/www.lefigaro.fr\/sports\/football\/ligue-1\/lyon-marseille-morton-insaisissable-fofana-redoutable-balerdi-epouvantable-les-tops-et-flops-de-l-olympico-20250901\" data-fig-type=\"NewsFlash\" data-gtm-custom-categorie=\"navigation\" data-gtm-custom-action=\"crossclick\" data-gtm-custom-label=\"Contextuel\" data-gtm-event=\"customEventSPE\" data-fig-domain=\"LEFIGARO\" target=\"_blank\" rel=\"noopener\">\u00abOlympico\u00bb face \u00e0 l\u2019OL<\/a>\u00a0(1-0), les Phoc\u00e9ens (10e), qui comptabilisent d\u00e9j\u00e0 deux revers en trois journ\u00e9es de championnat, doivent engranger des points ce soir face \u00e0 Lorient, 16e du classement.<\/p>\n<p class=\"fig-body-link\">\n            \u00c0 lire aussi<br \/>\n        <a class=\"fig-body-link__link\" href=\"http:\/\/www.lefigaro.fr\/sports\/football\/ligue-1\/ligue-1-pavard-paixao-aubameyang-quelle-equipe-type-pour-l-om-apres-un-nouveau-mercato-frenetique-20250912\" data-fig-type=\"NewsFlash\" data-gtm-custom-categorie=\"navigation\" data-gtm-custom-action=\"crossclick\" data-gtm-custom-label=\"Contextuel\" data-gtm-event=\"customEventSPE\" data-fig-domain=\"LEFIGARO\" target=\"_blank\" rel=\"noopener\">Ligue 1\u00a0: Pavard, Paix\u00e3o, Aubameyang&#8230; Quelle \u00e9quipe type pour l\u2019OM apr\u00e8s un (nouveau) mercato fr\u00e9n\u00e9tique\u00a0?<br \/>\n    <\/a>\n<\/p>\n<p class=\"fig-paragraph\">Dans leur antre du V\u00e9lodrome, les hommes de Roberto De Zerbi pourront compter sur leurs recrues estivales\u00a0<a href=\"http:\/\/www.lefigaro.fr\/sports\/football\/transferts\/mercato-l-om-officialise-l-arrivee-d-igor-paixao-20250801\" data-fig-type=\"NewsFlash\" data-gtm-custom-categorie=\"navigation\" data-gtm-custom-action=\"crossclick\" data-gtm-custom-label=\"Contextuel\" data-gtm-event=\"customEventSPE\" data-fig-domain=\"LEFIGARO\" target=\"_blank\" rel=\"noopener\">Igor Paix\u00e3o<\/a>\u00a0\u2013\u00a0enfin apte \u00e0 \u00eatre titulaire \u2013\u00a0et l\u2019international fran\u00e7ais\u00a0<a href=\"http:\/\/www.lefigaro.fr\/sports\/football\/foot-la-sequence-insolite-de-benjamin-pavard-avant-sa-premiere-conference-de-presse-a-l-om-20250911\" data-fig-type=\"NewsFlash\" data-gtm-custom-categorie=\"navigation\" data-gtm-custom-action=\"crossclick\" data-gtm-custom-label=\"Contextuel\" data-gtm-event=\"customEventSPE\" data-fig-domain=\"LEFIGARO\" target=\"_blank\" rel=\"noopener\">Benjamin Pavard<\/a>, fra\u00eechement arriv\u00e9 sur la Canebi\u00e8re. Pour la premi\u00e8re fois de la saison, le groupe olympien est au complet.<\/p>\n<p class=\"fig-body-link\">\n            \u00c0 lire aussi<br \/>\n        <a class=\"fig-body-link__link\" href=\"http:\/\/www.lefigaro.fr\/sports\/football\/ligue-1\/l-om-ca-ne-se-refuse-pas-les-premiers-mots-de-pavard-dans-son-nouveau-club-20250911\" data-fig-type=\"NewsFlash\" data-gtm-custom-categorie=\"navigation\" data-gtm-custom-action=\"crossclick\" data-gtm-custom-label=\"Contextuel\" data-gtm-event=\"customEventSPE\" data-fig-domain=\"LEFIGARO\" target=\"_blank\" rel=\"noopener\">\u00abL\u2019OM, \u00e7a ne se refuse pas\u00bb: les premiers mots de Benjamin Pavard dans son nouveau club<br \/>\n    <\/a>\n<\/p>\n<p>\n        19:47\n            <\/p>\n<p class=\"fig-live-post__title\" role=\"heading\" aria-level=\"3\">Bonsoir \u00e0 tous !<\/p>\n<p class=\"fig-paragraph\">Bienvenue sur<a href=\"https:\/\/www.lefigaro.fr\/sports\" target=\"_blank\" data-fig-type=\"Section\" rel=\"nofollow noopener\" data-gtm-custom-categorie=\"navigation\" data-gtm-custom-action=\"crossclick\" data-gtm-custom-label=\"Contextuel\" data-gtm-event=\"customEventSPE\" data-fig-domain=\"LEFIGARO\">\u00a0LeFigaro.fr<\/a>\u00a0pour suivre en direct comment\u00e9 et en int\u00e9gralit\u00e9 le match entre l\u2019Olympique de Marseille et le FC Lorient en ouverture de la quatri\u00e8me journ\u00e9e de Ligue 1\u00a0! Coup d\u2019envoi 20h45 au stade V\u00e9lodrome (Marseille).<\/p>\n<p>                Les publications appara\u00eetront ici<\/p>\n<p>        Fermer<\/p>\n","protected":false},"excerpt":{"rendered":"L\u2019Olympique de Marseille (10e) ouvre vendredi soir la quatri\u00e8me journ\u00e9e de Ligue 1 en recevant le mal class\u00e9&hellip;\n","protected":false},"author":2,"featured_media":386044,"comment_status":"","ping_status":"","sticky":false,"template":"","format":"standard","meta":{"footnotes":""},"categories":[9],"tags":[525,1981,814,3317,2257,63,1011,27,3309,66,1307,955,1176,978,93,1980,60],"class_list":{"0":"post-386043","1":"post","2":"type-post","3":"status-publish","4":"format-standard","5":"has-post-thumbnail","7":"category-sports","8":"tag-calendrier","9":"tag-classement","10":"tag-direct","11":"tag-fc-lorient","12":"tag-foot","13":"tag-football","14":"tag-fr","15":"tag-france","16":"tag-l1","17":"tag-ligue-1","18":"tag-lille","19":"tag-match","20":"tag-olympique-de-marseille","21":"tag-olympique-lyonnais","22":"tag-psg","23":"tag-resultats","24":"tag-sports"},"share_on_mastodon":{"url":"https:\/\/pubeurope.com\/@fr\/115193008856338593","error":""},"_links":{"self":[{"href":"https:\/\/www.europesays.com\/fr\/wp-json\/wp\/v2\/posts\/386043","targetHints":{"allow":["GET"]}}],"collection":[{"href":"https:\/\/www.europesays.com\/fr\/wp-json\/wp\/v2\/posts"}],"about":[{"href":"https:\/\/www.europesays.com\/fr\/wp-json\/wp\/v2\/types\/post"}],"author":[{"embeddable":true,"href":"https:\/\/www.europesays.com\/fr\/wp-json\/wp\/v2\/users\/2"}],"replies":[{"embeddable":true,"href":"https:\/\/www.europesays.com\/fr\/wp-json\/wp\/v2\/comments?post=386043"}],"version-history":[{"count":0,"href":"https:\/\/www.europesays.com\/fr\/wp-json\/wp\/v2\/posts\/386043\/revisions"}],"wp:featuredmedia":[{"embeddable":true,"href":"https:\/\/www.europesays.com\/fr\/wp-json\/wp\/v2\/media\/386044"}],"wp:attachment":[{"href":"https:\/\/www.europesays.com\/fr\/wp-json\/wp\/v2\/media?parent=386043"}],"wp:term":[{"taxonomy":"category","embeddable":true,"href":"https:\/\/www.europesays.com\/fr\/wp-json\/wp\/v2\/categories?post=386043"},{"taxonomy":"post_tag","embeddable":true,"href":"https:\/\/www.europesays.com\/fr\/wp-json\/wp\/v2\/tags?post=386043"}],"curies":[{"name":"wp","href":"https:\/\/api.w.org\/{rel}","templated":true}]}}