{"id":386045,"date":"2025-09-12T19:36:19","date_gmt":"2025-09-12T19:36:19","guid":{"rendered":"https:\/\/www.europesays.com\/fr\/386045\/"},"modified":"2025-09-12T19:36:19","modified_gmt":"2025-09-12T19:36:19","slug":"disparition-de-marion-wagon-nous-sommes-desoles-davoir-choque-agen-apres-la-polemique-les-realisateurs-de-la-serie-sexcusent","status":"publish","type":"post","link":"https:\/\/www.europesays.com\/fr\/386045\/","title":{"rendered":"Disparition de Marion Wagon\u00a0: \u00ab\u00a0Nous sommes d\u00e9sol\u00e9s d\u2019avoir choqu\u00e9 Agen\u00a0\u00bb, apr\u00e8s la pol\u00e9mique, les r\u00e9alisateurs de la s\u00e9rie s\u2019excusent"},"content":{"rendered":"<p>\n                                                                    l&rsquo;essentiel<br \/>\n                                                                Un casting pour une s\u00e9rie documentaire sur France 3 a d\u00e9clench\u00e9 une vive \u00e9motion \u00e0 Agen. La raison\u00a0: une \u00e9vocation visuelle de Marion Wagon, fillette disparue en 1996, sans que sa famille en ait \u00e9t\u00e9 inform\u00e9e. Face \u00e0 la pol\u00e9mique, Thierry Fournet, co-r\u00e9alisateur, s\u2019explique et tente d\u2019apaiser les tensions.\n                            <\/p>\n<p>L\u2019annonce a enflamm\u00e9 les r\u00e9seaux sociaux d\u00e8s sa diffusion. La soci\u00e9t\u00e9 de production Amda, bas\u00e9e \u00e0 Villeneuve-l\u00e8s-Avignon, a lanc\u00e9 un casting pour une \u00ab\u00a0s\u00e9rie documentaire France 3\u00a0\u00bb, intitul\u00e9e provisoirement \u00ab\u00a0Zones d\u2019ombre\u00a0\u00bb, avec une \u00e9vocation visuelle d\u2019une fillette de 10 ans. Tr\u00e8s vite, les \u00e9l\u00e9ments d\u00e9crits \u2013 cheveux ch\u00e2tains, coupe au carr\u00e9 avec frange, chemisier \u00e0 carreaux, bandeau \u2013 ont sem\u00e9 le trouble\u00a0: la ressemblance avec Marion Wagon, disparue \u00e0 Agen en 1996, \u00e9tait flagrante.<\/p>\n<p>Une image, vraisemblablement g\u00e9n\u00e9r\u00e9e par intelligence artificielle et inspir\u00e9e des c\u00e9l\u00e8bres avis de recherche diffus\u00e9s \u00e0 l\u2019\u00e9poque sur les briques de lait, a achev\u00e9 de provoquer la stupeur. Mais ce qui a mis le feu aux poudres, c\u2019est l\u2019absence totale d\u2019information donn\u00e9e \u00e0 la famille. \u00ab\u00a0C\u2019est moi qui ai d\u00fb l\u2019annoncer aux parents\u00a0\u00bb, s\u2019est indign\u00e9e Annie Gourgue, pr\u00e9sidente de l\u2019association La Mouette. \u00ab\u00a0Michel, le p\u00e8re de Marion, n\u2019\u00e9tait m\u00eame pas au courant. Franchement, c\u2019est plus que choquant.\u00a0\u00bb<\/p>\n<p class=\"std-elt__inline\">\n        <strong>\u00c0 lire aussi :<\/strong><br \/>\n        <a href=\"https:\/\/www.ladepeche.fr\/2025\/09\/11\/imaginer-un-film-sur-elle-cest-dune-telle-violence-une-serie-sur-marion-wagon-disparue-en-1996-lancee-sans-laccord-des-parents-12925054.php\" rel=\"nofollow noopener\" target=\"_blank\">Disparition de Marion Wagon\u00a0: \u00ab\u00a0le p\u00e8re n\u2019\u00e9tait m\u00eame pas au courant\u00a0\u00bb\u2026 Une s\u00e9rie sur la fillette, disparue en 1996, cr\u00e9e la pol\u00e9mique<\/a>\n    <\/p>\n<p>Sur les r\u00e9seaux, les commentaires ont fus\u00e9\u00a0: \u00ab\u00a0Votre post est trop flou, il ouvre la porte \u00e0 toutes les interpr\u00e9tations\u00a0\u00bb, a reproch\u00e9 un internaute. Une autre s\u2019insurge\u00a0: \u00ab\u00a0Il faudrait \u00e9viter qu\u2019elle ressemble \u00e0 Marion. Tous les Agenais vous le diront.\u00a0\u00bb Face \u00e0 l\u2019ampleur de la pol\u00e9mique, Thierry Fournet, co-r\u00e9alisateur de la s\u00e9rie, sort du silence. Il revient longuement sur les intentions du projet, pr\u00e9vu pour une diffusion sur France T\u00e9l\u00e9visions en novembre\u00a02026\u00a0: \u00ab\u00a0Ce sera une s\u00e9rie documentaire en six \u00e9pisodes de 40 minutes. On parlera de plusieurs disparitions non \u00e9lucid\u00e9es, dont celle de Marion Wagon, pour co\u00efncider avec les 30 ans de sa disparition.\u00a0\u00bb<\/p>\n<p>Le cas Marion est confi\u00e9 \u00e0 la co-r\u00e9alisatrice Lise David, en lien avec Ma\u00eetre Catala, l\u2019avocat de la famille\u00a0: \u00ab\u00a0Il nous a demand\u00e9 d\u2019attendre la rentr\u00e9e pour contacter les parents. Nous avons respect\u00e9 sa demande. Il avait valid\u00e9 le principe du projet.\u00a0\u00bb<\/p>\n<p>La fameuse image num\u00e9rique\u00a0? \u00ab\u00a0Un outil interne, destin\u00e9 \u00e0 nous aider \u00e0 trouver une figurante. Il ne devait jamais \u00eatre diffus\u00e9 seul, ni interpr\u00e9t\u00e9. On voulait seulement tourner une sc\u00e8ne muette, sans visage reconnaissable, o\u00f9 une fillette marche dans la rue o\u00f9 Marion a disparu. Une simple \u00e9vocation, pas une reconstitution.\u00a0\u00bb<\/p>\n<p>\u00ab\u00a0On veut faire les choses bien, avec respect\u00a0\u00bb<\/p>\n<p>Mais la douleur reste vive \u00e0 Agen. \u00ab\u00a0Nous venons de l\u2019ext\u00e9rieur, et cela a pu cr\u00e9er un d\u00e9calage. Nous pensions agir avec respect\u00a0\u00bb, reconna\u00eet Thierry Fournet. Avant de l\u00e2cher\u00a0: \u00ab\u00a0Nous sommes d\u00e9sol\u00e9s d\u2019avoir choqu\u00e9 Agen. \u00ab\u00a0Le r\u00e9alisateur assure que le tournage n\u2019est pas imminent\u00a0: \u00ab\u00a0Il est pr\u00e9vu pour novembre\u00a02025. Nous sommes encore dans la phase pr\u00e9paratoire. Le travail est long, m\u00e9ticuleux. On veut faire les choses bien, avec respect.\u00a0\u00bb<\/p>\n<p>\u00ab\u00a0Zones d\u2019ombre\u00a0\u00bb n\u2019a pas vocation \u00e0 faire de l\u2019audience facile\u00a0: \u00ab\u00a0On est loin des reconstitutions \u00e0 sensation. Ce qu\u2019on cherche, c\u2019est l\u2019\u00e9motion juste, pas le choc. On veut parler de la douleur, mais avec pudeur. Dire l\u2019attente, l\u2019incertitude, l\u2019absence, sans bruit. Ce n\u2019est pas qu\u2019un projet de t\u00e9l\u00e9vision\u00a0: c\u2019est une tentative de m\u00e9moire.\u00a0\u00bb<\/p>\n","protected":false},"excerpt":{"rendered":"l&rsquo;essentiel Un casting pour une s\u00e9rie documentaire sur France 3 a d\u00e9clench\u00e9 une vive \u00e9motion \u00e0 Agen. La&hellip;\n","protected":false},"author":2,"featured_media":386046,"comment_status":"","ping_status":"","sticky":false,"template":"","format":"standard","meta":{"footnotes":""},"categories":[8],"tags":[58,59,1011,27],"class_list":{"0":"post-386045","1":"post","2":"type-post","3":"status-publish","4":"format-standard","5":"has-post-thumbnail","7":"category-divertissement","8":"tag-divertissement","9":"tag-entertainment","10":"tag-fr","11":"tag-france"},"share_on_mastodon":{"url":"https:\/\/pubeurope.com\/@fr\/115193012845525480","error":""},"_links":{"self":[{"href":"https:\/\/www.europesays.com\/fr\/wp-json\/wp\/v2\/posts\/386045","targetHints":{"allow":["GET"]}}],"collection":[{"href":"https:\/\/www.europesays.com\/fr\/wp-json\/wp\/v2\/posts"}],"about":[{"href":"https:\/\/www.europesays.com\/fr\/wp-json\/wp\/v2\/types\/post"}],"author":[{"embeddable":true,"href":"https:\/\/www.europesays.com\/fr\/wp-json\/wp\/v2\/users\/2"}],"replies":[{"embeddable":true,"href":"https:\/\/www.europesays.com\/fr\/wp-json\/wp\/v2\/comments?post=386045"}],"version-history":[{"count":0,"href":"https:\/\/www.europesays.com\/fr\/wp-json\/wp\/v2\/posts\/386045\/revisions"}],"wp:featuredmedia":[{"embeddable":true,"href":"https:\/\/www.europesays.com\/fr\/wp-json\/wp\/v2\/media\/386046"}],"wp:attachment":[{"href":"https:\/\/www.europesays.com\/fr\/wp-json\/wp\/v2\/media?parent=386045"}],"wp:term":[{"taxonomy":"category","embeddable":true,"href":"https:\/\/www.europesays.com\/fr\/wp-json\/wp\/v2\/categories?post=386045"},{"taxonomy":"post_tag","embeddable":true,"href":"https:\/\/www.europesays.com\/fr\/wp-json\/wp\/v2\/tags?post=386045"}],"curies":[{"name":"wp","href":"https:\/\/api.w.org\/{rel}","templated":true}]}}