{"id":38605,"date":"2025-04-20T10:06:19","date_gmt":"2025-04-20T10:06:19","guid":{"rendered":"https:\/\/www.europesays.com\/fr\/38605\/"},"modified":"2025-04-20T10:06:19","modified_gmt":"2025-04-20T10:06:19","slug":"tout-le-monde-veut-prendre-sa-place-deprogramme-cyril-feraud-explique-pourquoi-le-jeu-ne-sera-pas-diffuse-ce-dimanche-sur-france-2","status":"publish","type":"post","link":"https:\/\/www.europesays.com\/fr\/38605\/","title":{"rendered":"Tout le monde veut prendre sa place d\u00e9programm\u00e9, Cyril F\u00e9raud explique pourquoi le jeu ne sera pas diffus\u00e9 ce dimanche sur France 2"},"content":{"rendered":"<p>Les fans de Tout le monde veut prendre sa place ne verront pas Jo\u00ebl tenter une nouvelle victoire dimanche 20 avril. L\u2019\u00e9mission quotidienne a \u00e9t\u00e9 supprim\u00e9e exceptionnellement, a fait savoir Cyril F\u00e9raud.<\/p>\n<p>Depuis pr\u00e8s de vingt ans, c\u2019est un rendez-vous quasi quotidien sur France T\u00e9l\u00e9visions. Lanc\u00e9 par Nagui en 2006, Tout le monde veut prendre sa place a certes connu des hauts et des bas. Mais son audience a toujours \u00e9t\u00e9 au rendez-vous. Le flambeau a \u00e9t\u00e9 repris par<a href=\"https:\/\/www.programme-tv.net\/news\/tv\/377209-et-la-je-panique-laurence-boccolini-raconte-sa-mesaventure-au-supermarche-et-les-reactions-moqueuses-des-gens-autour-d-elle\/\" data-api-deeplink=\"teleloisirs:\/\/news\/377209\" target=\"_blank\" rel=\"noopener\"> Laurence Boccolini <\/a>en 2021, puis par Jarry en 2023, et enfin par <a href=\"https:\/\/www.programme-tv.net\/news\/people\/376904-cyril-feraud-de-retour-de-conges-il-partage-une-photo-sur-son-transat\/\" data-api-deeplink=\"teleloisirs:\/\/news\/376904\" target=\"_blank\" rel=\"noopener\">Cyril F\u00e9raud<\/a>. Si le succ\u00e8s est donc toujours au rendez-vous, l\u2019\u00e9mission de ce dimanche 20 avril a \u00e9t\u00e9 supprim\u00e9e. Les causes de cette d\u00e9programmation ont \u00e9t\u00e9 d\u00e9taill\u00e9es par l\u2019animateur ce samedi. Que les fans se rassurent, c\u2019est une exception li\u00e9e au calendrier.<\/p>\n<p>France 2 bouleverse ses programmes ce dimanche<\/p>\n<p>\u00ab\u00a0Sachez que demain, c\u2019est la messe de P\u00e2ques. Donc demain exceptionnellement pas de Tout le monde veut prendre sa place\u00a0\u00bb, a fait savoir Cyril F\u00e9raud. France 2 bouleverse en effet largement ses programmes pour cette journ\u00e9e. En temps normal, la matin\u00e9e du dimanche est r\u00e9serv\u00e9e \u00e0 diverses \u00e9missions consacr\u00e9es aux grandes religions, puis la diffusion de la messe \u00e0 11 h, et Tout le monde veut prendre sa place prend le relais \u00e0 midi. Mais pour ce dimanche de P\u00e2ques, France 2 va diffuser une messe en Eurovision, toujours \u00e0 11h. Dans les faits elle ne d\u00e9bordera pas sur l\u2019\u00e9mission, mais les cam\u00e9ras s\u2019orienteront alors vers Rome et le Vatican. Elles diffuseront en effet la fameuse b\u00e9n\u00e9diction urbi et orbi (\u00ab\u00a0\u00e0 la ville et au monde\u00a0\u00bb) par le pape. Le Jour du Seigneur prendra ensuite le relais.<\/p>\n<p>                        Combien de victoire pour Jo\u00ebl dans TLMVPSP ?<\/p>\n<p>Ce bouleversement des programmes n\u2019a en tout cas pas modifi\u00e9 les habitudes <a href=\"https:\/\/www.programme-tv.net\/news\/tv\/376954-joel-tout-le-monde-veut-prendre-sa-place-devoile-ses-codes-avec-cyril-feraud-qui-passent-inapercus-a-la-tele\/\" data-api-deeplink=\"teleloisirs:\/\/news\/376954\" target=\"_blank\" rel=\"noopener\">du champion en titre, Jo\u00ebl<\/a>, qui a conserv\u00e9 son fauteuil sans difficult\u00e9. Apr\u00e8s une 85\u00e8me victoire, en moins de trois mois, il totalise d\u00e9sormais une cagnotte de 71\u00a0200 euros. Le fan de l\u2019Aviron Bayonnais s\u2019est m\u00eame r\u00e9joui de pouvoir rejoindre son Pays basque pour une journ\u00e9e. Son score fait de lui le treizi\u00e8me <a href=\"https:\/\/www.programme-tv.net\/news\/tv\/366531-exclu-isabelle-retrouve-cyril-feraud-retour-de-marie-christine-on-etait-sur-le-tournage-de-tout-le-monde-veut-prendre-sa-place-avec-les-anciens-champions\/\" data-api-deeplink=\"teleloisirs:\/\/news\/366531\" target=\"_blank\" rel=\"noopener\">meilleur candidat de l\u2019histoire du jeu<\/a>. Il lui faudra une quinzaine de victoires pour int\u00e9grer le top 10. Le record absolu de Marie-Christine, de 213 victoires pour pr\u00e8s de 200\u00a0000 euros, semble quant \u00e0 lui encore bien loin.<\/p>\n<p>Articles \u00e9crit en collaboration avec 6M\u00e9dias.<\/p>\n","protected":false},"excerpt":{"rendered":"Les fans de Tout le monde veut prendre sa place ne verront pas Jo\u00ebl tenter une nouvelle victoire&hellip;\n","protected":false},"author":2,"featured_media":38606,"comment_status":"","ping_status":"","sticky":false,"template":"","format":"standard","meta":{"footnotes":""},"categories":[1356],"tags":[244,12119,58,12118,59,1011,27,594,252,12120,1364,1630],"class_list":{"0":"post-38605","1":"post","2":"type-post","3":"status-publish","4":"format-standard","5":"has-post-thumbnail","7":"category-television","8":"tag-commentaire","9":"tag-cyril-fu00e9raud","10":"tag-divertissement","11":"tag-du00e9programmation","12":"tag-entertainment","13":"tag-fr","14":"tag-france","15":"tag-france-2","16":"tag-television","17":"tag-tout-le-monde-veut-prendre-sa-place","18":"tag-tv","19":"tag-zapping"},"share_on_mastodon":{"url":"https:\/\/pubeurope.com\/@fr\/114369736548161697","error":""},"_links":{"self":[{"href":"https:\/\/www.europesays.com\/fr\/wp-json\/wp\/v2\/posts\/38605","targetHints":{"allow":["GET"]}}],"collection":[{"href":"https:\/\/www.europesays.com\/fr\/wp-json\/wp\/v2\/posts"}],"about":[{"href":"https:\/\/www.europesays.com\/fr\/wp-json\/wp\/v2\/types\/post"}],"author":[{"embeddable":true,"href":"https:\/\/www.europesays.com\/fr\/wp-json\/wp\/v2\/users\/2"}],"replies":[{"embeddable":true,"href":"https:\/\/www.europesays.com\/fr\/wp-json\/wp\/v2\/comments?post=38605"}],"version-history":[{"count":0,"href":"https:\/\/www.europesays.com\/fr\/wp-json\/wp\/v2\/posts\/38605\/revisions"}],"wp:featuredmedia":[{"embeddable":true,"href":"https:\/\/www.europesays.com\/fr\/wp-json\/wp\/v2\/media\/38606"}],"wp:attachment":[{"href":"https:\/\/www.europesays.com\/fr\/wp-json\/wp\/v2\/media?parent=38605"}],"wp:term":[{"taxonomy":"category","embeddable":true,"href":"https:\/\/www.europesays.com\/fr\/wp-json\/wp\/v2\/categories?post=38605"},{"taxonomy":"post_tag","embeddable":true,"href":"https:\/\/www.europesays.com\/fr\/wp-json\/wp\/v2\/tags?post=38605"}],"curies":[{"name":"wp","href":"https:\/\/api.w.org\/{rel}","templated":true}]}}