{"id":386051,"date":"2025-09-12T19:39:13","date_gmt":"2025-09-12T19:39:13","guid":{"rendered":"https:\/\/www.europesays.com\/fr\/386051\/"},"modified":"2025-09-12T19:39:13","modified_gmt":"2025-09-12T19:39:13","slug":"un-exemple-pour-le-monde-entier-au-bresil-linedite-condamnation-de-lancien-president-jair-bolsonaro","status":"publish","type":"post","link":"https:\/\/www.europesays.com\/fr\/386051\/","title":{"rendered":"\u00abUn exemple pour le monde entier\u00bb\u00a0:\u00a0au Br\u00e9sil, l\u2019in\u00e9dite condamnation de l\u2019ancien pr\u00e9sident Jair Bolsonaro"},"content":{"rendered":"<p><strong>R\u00c9CIT<\/strong> &#8211; Plusieurs anciens ministres ont aussi \u00e9t\u00e9 condamn\u00e9s pour avoir cherch\u00e9 \u00e0 annuler, en janvier 2023, la pr\u00e9sidentielle remport\u00e9e par Lula.<\/p>\n<p class=\"fig-paragraph\">Un jugement in\u00e9dit dans l\u2019histoire du Br\u00e9sil. Jeudi, la Cour supr\u00eame a reconnu l\u2019ancien pr\u00e9sident d\u2019extr\u00eame droite Jair Bolsonaro coupable de cinq chefs d\u2019accusation, dont tentative de coup d\u2019\u00c9tat, et l\u2019a\u00a0<a href=\"http:\/\/www.lefigaro.fr\/international\/bresil-la-majorite-des-juges-de-la-cour-supreme-en-faveur-d-une-condamnation-de-jair-bolsonaro-20250911\" data-fig-type=\"NewsFlash\" data-gtm-custom-categorie=\"navigation\" data-gtm-custom-action=\"crossclick\" data-gtm-custom-label=\"Contextuel\" data-gtm-event=\"customEventSPE\" data-fig-domain=\"LEFIGARO\" target=\"_blank\" rel=\"noopener\">condamn\u00e9 \u00e0 27 ans et 3 mois de prison.<\/a>\u00a0Les juges ont estim\u00e9 que l\u2019ex-militaire \u00e9tait le chef d\u2019une organisation criminelle ayant cherch\u00e9 \u00e0\u00a0<a href=\"http:\/\/www.lefigaro.fr\/international\/au-bresil-jair-bolsonaro-accuse-d-avoir-fomente-un-coup-d-etat-20241213\" data-fig-type=\"Article\" data-gtm-custom-categorie=\"navigation\" data-gtm-custom-action=\"crossclick\" data-gtm-custom-label=\"Contextuel\" data-gtm-event=\"customEventSPE\" data-fig-domain=\"LEFIGARO\" target=\"_blank\" rel=\"noopener\">le maintenir au pouvoir<\/a>, malgr\u00e9 sa d\u00e9faite dans les urnes en octobre 2022 face au pr\u00e9sident de gauche Luiz Inacio Lula da\u00a0Silva. C\u2019est la premi\u00e8re fois qu\u2019un pr\u00e9sident br\u00e9silien est condamn\u00e9 pour une tentative de coup d\u2019\u00c9tat.<\/p>\n<p class=\"fig-paragraph\">Dans son vote,\u00a0<a href=\"http:\/\/www.lefigaro.fr\/international\/alexandre-de-moraes-le-tout-puissant-juge-bresilien-qui-mene-la-bataille-judiciaire-contre-jair-bolsonaro-20250905\" data-fig-type=\"Article\" data-gtm-custom-categorie=\"navigation\" data-gtm-custom-action=\"crossclick\" data-gtm-custom-label=\"Contextuel\" data-gtm-event=\"customEventSPE\" data-fig-domain=\"LEFIGARO\" target=\"_blank\" rel=\"noopener\">le rapporteur et juge Alexandre de Moraes<\/a>\u00a0a d\u00e9taill\u00e9 les diff\u00e9rentes \u00e9tapes de la tentative de coup d\u2019\u00c9tat\u00a0: de la remise en cause de la fiabilit\u00e9 des urnes \u00e9lectroniques en amont de l\u2019\u00e9lection, \u00e0 la r\u00e9daction d\u2019un d\u00e9cret qui aurait permis de suspendre le r\u00e9sultat d\u00e9favorable \u00e0 l\u2019ex-parachutiste\u00a0; jusqu\u2019au saccage des b\u00e2timents de la Cour supr\u00eame, du Congr\u00e8s et du palais pr\u00e9sidentiel, le 8\u00a0janvier 2023, par des\u2026<\/p>\n<p class=\"fig-premium-paywall__infos\">\n        Cet article est r\u00e9serv\u00e9 aux abonn\u00e9s.        Il vous reste 79% \u00e0 d\u00e9couvrir.\n    <\/p>\n<p>                <img  data- alt=\"Le Figaro\" class=\"fig-img--complete fig-img\"\/><\/p>\n<p class=\"fig-premium-paywall__title\">Vous avez envie de lire la suite ?<\/p>\n<p class=\"fig-premium-paywall__subtitle\">D\u00e9bloquez tous les articles imm\u00e9diatement.<\/p>\n<p class=\"fig-premium-paywall__connect\">\n                D\u00e9j\u00e0 abonn\u00e9\u00a0?                <a class=\"fig-premium-paywall__connect-link\" href=\"https:\/\/connect.lefigaro.fr\/login?client=horizon_web&amp;type=main&amp;redirect_uri=https%3A%2F%2Fwww.lefigaro.fr%2Finternational%2Fun-exemple-pour-le-monde-entier-au-bresil-l-inedite-condamnation-de-l-ancien-president-jair-bolsonaro-20250912\" data-js-gtm=\"{&quot;customCategorie&quot;: &quot;conversion&quot;, &quot;customAction&quot;: &quot;before_Landing_Connexion_paywall_auto&quot;, &quot;customLabel&quot;: &quot;bGVmaWdhcm8uZnJfXzFmMDhmZDM3LTBmOWEtNjcwYy1iOWU4LTQzMWI1OGFjZmNlMF9fQXJ0aWNsZQ==_\u00abUn exemple pour le monde entier\u00bb\u00a0:\u00a0au Br\u00e9sil, l\u2019in\u00e9dite condamnation de l\u2019ancien pr\u00e9sident Jair Bolsonaro_431&quot;, &quot;customIDSPE&quot;: &quot;bGVmaWdhcm8uZnJfXzFmMDhmZDM3LTBmOWEtNjcwYy1iOWU4LTQzMWI1OGFjZmNlMF9fQXJ0aWNsZQ==&quot;, &quot;event&quot;: &quot;customEventSPE&quot;}\" target=\"_blank\" rel=\"noopener\"><br \/>\n                    Connectez-vous<br \/>\n                <\/a>\n            <\/p>\n","protected":false},"excerpt":{"rendered":"R\u00c9CIT &#8211; Plusieurs anciens ministres ont aussi \u00e9t\u00e9 condamn\u00e9s pour avoir cherch\u00e9 \u00e0 annuler, en janvier 2023, la&hellip;\n","protected":false},"author":2,"featured_media":386052,"comment_status":"","ping_status":"","sticky":false,"template":"","format":"standard","meta":{"footnotes":""},"categories":[5],"tags":[11,2548,1011,27,14,35977,12,28],"class_list":{"0":"post-386051","1":"post","2":"type-post","3":"status-publish","4":"format-standard","5":"has-post-thumbnail","7":"category-international","8":"tag-actualites","9":"tag-bresil","10":"tag-fr","11":"tag-france","12":"tag-international","13":"tag-jair-bolsonaro","14":"tag-news","15":"tag-world"},"share_on_mastodon":{"url":"https:\/\/pubeurope.com\/@fr\/115193024591952356","error":""},"_links":{"self":[{"href":"https:\/\/www.europesays.com\/fr\/wp-json\/wp\/v2\/posts\/386051","targetHints":{"allow":["GET"]}}],"collection":[{"href":"https:\/\/www.europesays.com\/fr\/wp-json\/wp\/v2\/posts"}],"about":[{"href":"https:\/\/www.europesays.com\/fr\/wp-json\/wp\/v2\/types\/post"}],"author":[{"embeddable":true,"href":"https:\/\/www.europesays.com\/fr\/wp-json\/wp\/v2\/users\/2"}],"replies":[{"embeddable":true,"href":"https:\/\/www.europesays.com\/fr\/wp-json\/wp\/v2\/comments?post=386051"}],"version-history":[{"count":0,"href":"https:\/\/www.europesays.com\/fr\/wp-json\/wp\/v2\/posts\/386051\/revisions"}],"wp:featuredmedia":[{"embeddable":true,"href":"https:\/\/www.europesays.com\/fr\/wp-json\/wp\/v2\/media\/386052"}],"wp:attachment":[{"href":"https:\/\/www.europesays.com\/fr\/wp-json\/wp\/v2\/media?parent=386051"}],"wp:term":[{"taxonomy":"category","embeddable":true,"href":"https:\/\/www.europesays.com\/fr\/wp-json\/wp\/v2\/categories?post=386051"},{"taxonomy":"post_tag","embeddable":true,"href":"https:\/\/www.europesays.com\/fr\/wp-json\/wp\/v2\/tags?post=386051"}],"curies":[{"name":"wp","href":"https:\/\/api.w.org\/{rel}","templated":true}]}}