{"id":386055,"date":"2025-09-12T19:41:16","date_gmt":"2025-09-12T19:41:16","guid":{"rendered":"https:\/\/www.europesays.com\/fr\/386055\/"},"modified":"2025-09-12T19:41:16","modified_gmt":"2025-09-12T19:41:16","slug":"douze-ouistitis-se-baladent-dans-la-nature-apres-une-intrusion-dans-un-labo-de-luniversite","status":"publish","type":"post","link":"https:\/\/www.europesays.com\/fr\/386055\/","title":{"rendered":"Douze ouistitis se baladent dans la nature apr\u00e8s une \u00ab\u00a0intrusion\u00a0\u00bb dans un labo de l\u2019universit\u00e9"},"content":{"rendered":"<p>Si vous habitez <a href=\"https:\/\/www.20minutes.fr\/strasbourg\/\" target=\"_blank\" class=\"c-link c-link--is-underlined\" rel=\"noopener\">Strasbourg<\/a>, vous risquez de faire une rencontre extravagante. Parmi les plus de 800 singes abrit\u00e9s dans un centre recherche de l\u2019Unistra, douze ouistitis ont disparu, a rapport\u00e9 l\u2019universit\u00e9 vendredi.<\/p>\n<p>Si l\u2019\u00e9tablissement ne sait pas combien d\u2019individus se sont introduits dans le centre situ\u00e9 dans une forteresse du XIXe\u00a0si\u00e8cle \u00e0 Niederhausbergen (<a href=\"https:\/\/www.20minutes.fr\/dossier\/bas_rhin\" target=\"_blank\" class=\"c-link c-link--is-underlined\" rel=\"noopener\">Bas-Rhin<\/a>), \u00ab\u00a0trois combinaisons\u00a0\u00bb int\u00e9grales ont \u00e9t\u00e9 retrouv\u00e9es.<\/p>\n<p>Depuis des ann\u00e9es, des associations militent pour la fermeture du centre, telle Pro Anima, qui d\u00e9fend une recherche scientifique sans recours aux <a href=\"https:\/\/www.20minutes.fr\/planete\/animaux\/\" target=\"_blank\" class=\"c-link c-link--is-underlined\" rel=\"noopener\">animaux<\/a>.<\/p>\n<\/p>\n<p>Vendredi, en plus des 12 ouistitis manquant \u00ab\u00a0trois bo\u00eetes \u00e0 nid\u00a0\u00bb sont recherch\u00e9es. \u00ab\u00a0Nous supposons que certains animaux ont \u00e9t\u00e9 vol\u00e9s, sans exclure que certains puissent \u00eatre aux abords du site\u00a0\u00bb, pr\u00e9cise l\u2019Unistra. Deux animaux ont d\u00e9j\u00e0 \u00e9t\u00e9 r\u00e9cup\u00e9r\u00e9s \u00ab\u00a0et sont en bonne sant\u00e9\u00a0\u00bb.<\/p>\n<p>Des risques pour leur survie<\/p>\n<p>Des zootechniciens et des responsables du bien-\u00eatre animal sont charg\u00e9s des recherches des ouistitis susceptibles d\u2019\u00eatre encore aux abords ou sur le site, selon l\u2019Unistra. Les ouistitis p\u00e8sent entre 300 et 500 grammes \u00e0 l\u2019\u00e2ge adulte, et ne repr\u00e9sentent \u00ab\u00a0aucun risque pour les populations locales\u00a0\u00bb, a tenu \u00e0 rassurer l\u2019Unistra.<\/p>\n<p><a href=\"https:\/\/www.20minutes.fr\/strasbourg\/\" target=\"_blank\" class=\"c-link c-btn c-btn--primary\" rel=\"noopener\">Tous nos articles sur Strasbourg<\/a><\/p>\n<p>A contrario, cet animal est \u00ab\u00a0plut\u00f4t stress\u00e9 de se retrouver en dehors de son environnement et de ses cong\u00e9n\u00e8res\u00a0\u00bb et ses chances de survie \u00e0 l\u2019ext\u00e9rieur \u00ab\u00a0sont tr\u00e8s faibles\u00a0\u00bb\u00a0: le ouistiti vit dans une animalerie reproduisant les conditions de la <a href=\"https:\/\/www.20minutes.fr\/planete\/amazonie\/\" target=\"_blank\" class=\"c-link c-link--is-underlined\" rel=\"noopener\">for\u00eat amazonienne<\/a>, avec une temp\u00e9rature constante de 28\u00a0\u00b0C.<\/p>\n<p>\u00ab\u00a0Les cambrioleurs, par leurs actes, n\u2019ont aucune pr\u00e9occupation du bien-\u00eatre de ces animaux\u00a0\u00bb, a d\u00e9plor\u00e9 l\u2019Universit\u00e9. \u00ab\u00a0Une plainte a \u00e9t\u00e9 d\u00e9pos\u00e9e \u00e0 la gendarmerie de Mundolsheim et les services des douanes ont \u00e9t\u00e9 inform\u00e9s pour les contr\u00f4les aux fronti\u00e8res\u00a0\u00bb, a-t-elle indiqu\u00e9. Les mesures de s\u00e9curit\u00e9 du site ont \u00e9t\u00e9 renforc\u00e9es.<\/p>\n","protected":false},"excerpt":{"rendered":"Si vous habitez Strasbourg, vous risquez de faire une rencontre extravagante. Parmi les plus de 800 singes abrit\u00e9s&hellip;\n","protected":false},"author":2,"featured_media":386056,"comment_status":"","ping_status":"","sticky":false,"template":"","format":"standard","meta":{"footnotes":""},"categories":[2],"tags":[47,11,2389,1867,2649,1011,27,775,7141,12,959,41,104,640,5768],"class_list":{"0":"post-386055","1":"post","2":"type-post","3":"status-publish","4":"format-standard","5":"has-post-thumbnail","7":"category-actualites","8":"tag-actualite","9":"tag-actualites","10":"tag-alsace","11":"tag-animaux","12":"tag-bas-rhin","13":"tag-fr","14":"tag-france","15":"tag-grand-est","16":"tag-laboratoire","17":"tag-news","18":"tag-recherche","19":"tag-sciences","20":"tag-societe","21":"tag-strasbourg","22":"tag-universite"},"share_on_mastodon":{"url":"https:\/\/pubeurope.com\/@fr\/115193032512823670","error":""},"_links":{"self":[{"href":"https:\/\/www.europesays.com\/fr\/wp-json\/wp\/v2\/posts\/386055","targetHints":{"allow":["GET"]}}],"collection":[{"href":"https:\/\/www.europesays.com\/fr\/wp-json\/wp\/v2\/posts"}],"about":[{"href":"https:\/\/www.europesays.com\/fr\/wp-json\/wp\/v2\/types\/post"}],"author":[{"embeddable":true,"href":"https:\/\/www.europesays.com\/fr\/wp-json\/wp\/v2\/users\/2"}],"replies":[{"embeddable":true,"href":"https:\/\/www.europesays.com\/fr\/wp-json\/wp\/v2\/comments?post=386055"}],"version-history":[{"count":0,"href":"https:\/\/www.europesays.com\/fr\/wp-json\/wp\/v2\/posts\/386055\/revisions"}],"wp:featuredmedia":[{"embeddable":true,"href":"https:\/\/www.europesays.com\/fr\/wp-json\/wp\/v2\/media\/386056"}],"wp:attachment":[{"href":"https:\/\/www.europesays.com\/fr\/wp-json\/wp\/v2\/media?parent=386055"}],"wp:term":[{"taxonomy":"category","embeddable":true,"href":"https:\/\/www.europesays.com\/fr\/wp-json\/wp\/v2\/categories?post=386055"},{"taxonomy":"post_tag","embeddable":true,"href":"https:\/\/www.europesays.com\/fr\/wp-json\/wp\/v2\/tags?post=386055"}],"curies":[{"name":"wp","href":"https:\/\/api.w.org\/{rel}","templated":true}]}}