{"id":386059,"date":"2025-09-12T19:43:17","date_gmt":"2025-09-12T19:43:17","guid":{"rendered":"https:\/\/www.europesays.com\/fr\/386059\/"},"modified":"2025-09-12T19:43:17","modified_gmt":"2025-09-12T19:43:17","slug":"saint-etienne-un-espace-dedie-aux-malades-du-cancer-et-a-leurs-proches","status":"publish","type":"post","link":"https:\/\/www.europesays.com\/fr\/386059\/","title":{"rendered":"Saint-\u00c9tienne. Un espace d\u00e9di\u00e9 aux malades du cancer et \u00e0 leurs proches"},"content":{"rendered":"<p>Install\u00e9 depuis 2019 rue \u00c9mile-Noirot, le Comit\u00e9 de la Loire de la Ligue contre le cancer n\u2019ouvre pas ses locaux qu\u2019aux b\u00e9n\u00e9voles et \u00e0 ses salari\u00e9s. Avec l\u2019Espace patient, malades et aidants sont invit\u00e9s toute l\u2019ann\u00e9e dans \u00ab\u00a0ce lieu unique, pour les accompagner pendant et apr\u00e8s la maladie, afin de la vivre du mieux possible\u00a0\u00bb.<\/p>\n<p>Plusieurs ateliers et animations<\/p>\n<p>Pour cela, de nombreuses activit\u00e9s sont propos\u00e9es\u00a0:&#8230;<\/p>\n","protected":false},"excerpt":{"rendered":"Install\u00e9 depuis 2019 rue \u00c9mile-Noirot, le Comit\u00e9 de la Loire de la Ligue contre le cancer n\u2019ouvre pas&hellip;\n","protected":false},"author":2,"featured_media":386060,"comment_status":"","ping_status":"","sticky":false,"template":"","format":"standard","meta":{"footnotes":""},"categories":[9653],"tags":[1111,11,2430,7539,1777,674,1011,27,12,25,4001,7538,71],"class_list":{"0":"post-386059","1":"post","2":"type-post","3":"status-publish","4":"format-standard","5":"has-post-thumbnail","7":"category-saint-etienne","8":"tag-actu","9":"tag-actualites","10":"tag-auvergne-rhone-alpes","11":"tag-edition-loire-sud","12":"tag-eu","13":"tag-europe","14":"tag-fr","15":"tag-france","16":"tag-news","17":"tag-republique-francaise","18":"tag-saint-etienne","19":"tag-saint-etienne-ville","20":"tag-sante"},"share_on_mastodon":{"url":"https:\/\/pubeurope.com\/@fr\/115193040426385454","error":""},"_links":{"self":[{"href":"https:\/\/www.europesays.com\/fr\/wp-json\/wp\/v2\/posts\/386059","targetHints":{"allow":["GET"]}}],"collection":[{"href":"https:\/\/www.europesays.com\/fr\/wp-json\/wp\/v2\/posts"}],"about":[{"href":"https:\/\/www.europesays.com\/fr\/wp-json\/wp\/v2\/types\/post"}],"author":[{"embeddable":true,"href":"https:\/\/www.europesays.com\/fr\/wp-json\/wp\/v2\/users\/2"}],"replies":[{"embeddable":true,"href":"https:\/\/www.europesays.com\/fr\/wp-json\/wp\/v2\/comments?post=386059"}],"version-history":[{"count":0,"href":"https:\/\/www.europesays.com\/fr\/wp-json\/wp\/v2\/posts\/386059\/revisions"}],"wp:featuredmedia":[{"embeddable":true,"href":"https:\/\/www.europesays.com\/fr\/wp-json\/wp\/v2\/media\/386060"}],"wp:attachment":[{"href":"https:\/\/www.europesays.com\/fr\/wp-json\/wp\/v2\/media?parent=386059"}],"wp:term":[{"taxonomy":"category","embeddable":true,"href":"https:\/\/www.europesays.com\/fr\/wp-json\/wp\/v2\/categories?post=386059"},{"taxonomy":"post_tag","embeddable":true,"href":"https:\/\/www.europesays.com\/fr\/wp-json\/wp\/v2\/tags?post=386059"}],"curies":[{"name":"wp","href":"https:\/\/api.w.org\/{rel}","templated":true}]}}