{"id":386061,"date":"2025-09-12T19:44:42","date_gmt":"2025-09-12T19:44:42","guid":{"rendered":"https:\/\/www.europesays.com\/fr\/386061\/"},"modified":"2025-09-12T19:44:42","modified_gmt":"2025-09-12T19:44:42","slug":"voici-lheure-et-le-parcours-de-la-manifestation-de-jeudi","status":"publish","type":"post","link":"https:\/\/www.europesays.com\/fr\/386061\/","title":{"rendered":"voici l&rsquo;heure et le parcours de la manifestation de jeudi"},"content":{"rendered":"<p>            Par<br \/>\n        <strong><br \/>\n            <a href=\"https:\/\/actu.fr\/auteur\/pierre-emile-bouchy-actu-fr\" title=\"Consulter tous les articles de Paul-Emile Bouchy\" target=\"_blank\" rel=\"noopener\">Paul-Emile Bouchy<\/a><br \/>\n        <\/strong><\/p>\n<p>        Publi\u00e9 le<\/p>\n<p>            12 sept. 2025 \u00e0 17h11        <\/p>\n<p>Alors qu\u2019<a href=\"https:\/\/actu.fr\/grand-est\/nancy_54395\/bloquons-tout-le-10-septembre-a-nancy-nos-meilleures-images-de-la-manifestation_63142914.html\" target=\"_blank\" rel=\"noopener\">une mobilisation citoyenne a eu lieu mercredi 10\u00a0septembre \u00e0 travers la France<\/a> avec le mot d\u2019ordre <strong>\u00ab\u2009Bloquons tout\u2009\u00bb<\/strong>, un appel \u00e0 la gr\u00e8ve g\u00e9n\u00e9rale le jeudi 18\u00a0septembre a \u00e9t\u00e9 lanc\u00e9 par les organisations syndicales.<\/p>\n<p class=\" wall-content\">\u00c0 <a href=\"https:\/\/actu.fr\/grand-est\/nancy_54395\" target=\"_blank\" rel=\"noopener\">Nancy<\/a> (Meurthe-et-Moselle), <strong>une manifestation sera organis\u00e9e par les principaux syndicats<\/strong>.<\/p>\n<p>Le parcours de la manifestation jeudi \u00e0 Nancy<\/p>\n<p class=\" wall-content\">Jeudi prochain, <strong>la manifestation aura lieu dans le centre-ville de Nancy<\/strong> avec comme point de d\u00e9part et d\u2019arriv\u00e9e la <a href=\"https:\/\/actu.fr\/tag\/place-stanislas\" target=\"_blank\" rel=\"noopener\">place Stanislas<\/a>. Voici le parcours du cort\u00e8ge\u2009:<\/p>\n<ul class=\" wall-content\">\n<li>place Stanislas (rendez-vous \u00e0 14h)<\/li>\n<li>place Dombasle<\/li>\n<li>rue Cyffl\u00e9<\/li>\n<li>rue du Four<\/li>\n<li>rue Saint-Dizier<\/li>\n<li>rue Gambetta<\/li>\n<li>place Stanislas<\/li>\n<\/ul>\n<p>La grande majorit\u00e9 des syndicats pr\u00e9sents<\/p>\n<p class=\" wall-content\">D\u2019apr\u00e8s R\u00e9gis Crunchant, secr\u00e9taire g\u00e9n\u00e9ral de l\u2019union d\u00e9partementale <strong>CGT<\/strong> de Meurthe-et-Moselle, les syndicats suivants ont d\u00e9j\u00e0 indiqu\u00e9 prendre part \u00e0 la manifestation nanc\u00e9ienne\u2009: <strong>CFDT, FO, CFE-CGC, UNSA, UNEF et FSU-Solidaires<\/strong>.<\/p>\n<p class=\" wall-content\">\u00ab\u2009On esp\u00e8re une forte mobilisation et que les citoyens pr\u00e9sents mercredi rejoignent aussi le cort\u00e8ge. De nombreux pr\u00e9avis de gr\u00e8ve ont d\u00e9j\u00e0 \u00e9t\u00e9 d\u00e9pos\u00e9s. <strong>Il faut qu\u2019il y ait une convergence des luttes<\/strong> pour faire entendre notre volont\u00e9 de justice sociale et fiscale contre ce budget d\u2019aust\u00e9rit\u00e9\u2009\u00bb, explique-t-il.<\/p>\n<p class=\" wall-content\">Personnalisez votre actualit\u00e9 en ajoutant vos villes et m\u00e9dias en favori avec <a href=\"https:\/\/moncompte.actu.fr\" title=\"D\u00e9couvez Mon Actu\" rel=\"nofollow noopener\" data-trk=\"{&quot;cta&quot;:{&quot;action&quot;:&quot;https:\\\/\\\/moncompte.actu.fr&quot;,&quot;category&quot;:&quot;mon compte&quot;,&quot;from&quot;:&quot;article footer&quot;,&quot;name&quot;:&quot;Mon actu&quot;,&quot;type&quot;:&quot;cta&quot;}}\" target=\"_blank\">Mon Actu<\/a>.<\/p>\n","protected":false},"excerpt":{"rendered":"Par Paul-Emile Bouchy Publi\u00e9 le 12 sept. 2025 \u00e0 17h11 Alors qu\u2019une mobilisation citoyenne a eu lieu mercredi&hellip;\n","protected":false},"author":2,"featured_media":386062,"comment_status":"","ping_status":"","sticky":false,"template":"","format":"standard","meta":{"footnotes":""},"categories":[9635],"tags":[1111,11,1777,674,1011,27,775,6151,1702,12,25,104,3427],"class_list":{"0":"post-386061","1":"post","2":"type-post","3":"status-publish","4":"format-standard","5":"has-post-thumbnail","7":"category-nancy","8":"tag-actu","9":"tag-actualites","10":"tag-eu","11":"tag-europe","12":"tag-fr","13":"tag-france","14":"tag-grand-est","15":"tag-greve","16":"tag-nancy","17":"tag-news","18":"tag-republique-francaise","19":"tag-societe","20":"tag-syndicats"},"share_on_mastodon":{"url":"https:\/\/pubeurope.com\/@fr\/115193044267064640","error":""},"_links":{"self":[{"href":"https:\/\/www.europesays.com\/fr\/wp-json\/wp\/v2\/posts\/386061","targetHints":{"allow":["GET"]}}],"collection":[{"href":"https:\/\/www.europesays.com\/fr\/wp-json\/wp\/v2\/posts"}],"about":[{"href":"https:\/\/www.europesays.com\/fr\/wp-json\/wp\/v2\/types\/post"}],"author":[{"embeddable":true,"href":"https:\/\/www.europesays.com\/fr\/wp-json\/wp\/v2\/users\/2"}],"replies":[{"embeddable":true,"href":"https:\/\/www.europesays.com\/fr\/wp-json\/wp\/v2\/comments?post=386061"}],"version-history":[{"count":0,"href":"https:\/\/www.europesays.com\/fr\/wp-json\/wp\/v2\/posts\/386061\/revisions"}],"wp:featuredmedia":[{"embeddable":true,"href":"https:\/\/www.europesays.com\/fr\/wp-json\/wp\/v2\/media\/386062"}],"wp:attachment":[{"href":"https:\/\/www.europesays.com\/fr\/wp-json\/wp\/v2\/media?parent=386061"}],"wp:term":[{"taxonomy":"category","embeddable":true,"href":"https:\/\/www.europesays.com\/fr\/wp-json\/wp\/v2\/categories?post=386061"},{"taxonomy":"post_tag","embeddable":true,"href":"https:\/\/www.europesays.com\/fr\/wp-json\/wp\/v2\/tags?post=386061"}],"curies":[{"name":"wp","href":"https:\/\/api.w.org\/{rel}","templated":true}]}}