{"id":386063,"date":"2025-09-12T19:45:22","date_gmt":"2025-09-12T19:45:22","guid":{"rendered":"https:\/\/www.europesays.com\/fr\/386063\/"},"modified":"2025-09-12T19:45:22","modified_gmt":"2025-09-12T19:45:22","slug":"en-direct-ligue-2-las-nancy-lorraine-coule-a-troyes-3-0","status":"publish","type":"post","link":"https:\/\/www.europesays.com\/fr\/386063\/","title":{"rendered":"En direct Ligue 2. L&rsquo;AS Nancy-Lorraine coule \u00e0 Troyes (3-0) !"},"content":{"rendered":"<p>&#13;<br \/>\n                                                    En direct&#13;<br \/>\n                        &#13;\n                                            <\/p>\n<p>Troisi\u00e8me d\u00e9placement de ce d\u00e9but de saison pour l&rsquo;ASNL, ce vendredi \u00e0 Troyes. Le match\u00a0a mal commenc\u00e9 pour Nancy, qui a conc\u00e9d\u00e9 l&rsquo;ouverture du score \u00e0 Bentayeb \u00e0 la 20e minute. Avant de craquer \u00e0 nouveau apr\u00e8s la pause sur un penalty de Bentayeb (50e), qui a manqu\u00e9 un deuxi\u00e8me penalty dans la foul\u00e9e, arr\u00eat\u00e9 par Basilio ! Mais l&rsquo;ESTAC a tout de m\u00eame enfonc\u00e9 le clou par Adeline (74e).<\/p>\n<p>&#13;<br \/>\n              Adrien Richard &#8211; &#13;<br \/>\n        &#13;<br \/>\n          Aujourd&rsquo;hui \u00e0 10:32&#13;<br \/>\n    &#13;<br \/>\n                  | mis \u00e0 jour aujourd&rsquo;hui \u00e0 21:44&#13;<br \/>\n              &#8211; Temps de lecture : &#13;<br \/>\n  &#13;<\/p>\n","protected":false},"excerpt":{"rendered":"&#13; En direct&#13; &#13; Troisi\u00e8me d\u00e9placement de ce d\u00e9but de saison pour l&rsquo;ASNL, ce vendredi \u00e0 Troyes. Le&hellip;\n","protected":false},"author":2,"featured_media":386064,"comment_status":"","ping_status":"","sticky":false,"template":"","format":"standard","meta":{"footnotes":""},"categories":[9635],"tags":[1111,11,3703,3545,3602,1707,1704,1706,1705,10174,1777,674,1701,63,1011,27,775,1702,12,25,517,1700],"class_list":{"0":"post-386063","1":"post","2":"type-post","3":"status-publish","4":"format-standard","5":"has-post-thumbnail","7":"category-nancy","8":"tag-actu","9":"tag-actualites","10":"tag-asnl","11":"tag-direct-sport","12":"tag-edition-bar-le-duc","13":"tag-edition-luneville","14":"tag-edition-nancy-et-agglomeration","15":"tag-edition-pont-a-mousson","16":"tag-edition-toul","17":"tag-edition-verdun","18":"tag-eu","19":"tag-europe","20":"tag-fil-info-sport","21":"tag-football","22":"tag-fr","23":"tag-france","24":"tag-grand-est","25":"tag-nancy","26":"tag-news","27":"tag-republique-francaise","28":"tag-sport","29":"tag-sport-lorrain"},"share_on_mastodon":{"url":"https:\/\/pubeurope.com\/@fr\/115193048226788494","error":""},"_links":{"self":[{"href":"https:\/\/www.europesays.com\/fr\/wp-json\/wp\/v2\/posts\/386063","targetHints":{"allow":["GET"]}}],"collection":[{"href":"https:\/\/www.europesays.com\/fr\/wp-json\/wp\/v2\/posts"}],"about":[{"href":"https:\/\/www.europesays.com\/fr\/wp-json\/wp\/v2\/types\/post"}],"author":[{"embeddable":true,"href":"https:\/\/www.europesays.com\/fr\/wp-json\/wp\/v2\/users\/2"}],"replies":[{"embeddable":true,"href":"https:\/\/www.europesays.com\/fr\/wp-json\/wp\/v2\/comments?post=386063"}],"version-history":[{"count":0,"href":"https:\/\/www.europesays.com\/fr\/wp-json\/wp\/v2\/posts\/386063\/revisions"}],"wp:featuredmedia":[{"embeddable":true,"href":"https:\/\/www.europesays.com\/fr\/wp-json\/wp\/v2\/media\/386064"}],"wp:attachment":[{"href":"https:\/\/www.europesays.com\/fr\/wp-json\/wp\/v2\/media?parent=386063"}],"wp:term":[{"taxonomy":"category","embeddable":true,"href":"https:\/\/www.europesays.com\/fr\/wp-json\/wp\/v2\/categories?post=386063"},{"taxonomy":"post_tag","embeddable":true,"href":"https:\/\/www.europesays.com\/fr\/wp-json\/wp\/v2\/tags?post=386063"}],"curies":[{"name":"wp","href":"https:\/\/api.w.org\/{rel}","templated":true}]}}