{"id":386073,"date":"2025-09-12T19:52:28","date_gmt":"2025-09-12T19:52:28","guid":{"rendered":"https:\/\/www.europesays.com\/fr\/386073\/"},"modified":"2025-09-12T19:52:28","modified_gmt":"2025-09-12T19:52:28","slug":"foot-national-le-puy-sincline-lourdement-face-a-rouen","status":"publish","type":"post","link":"https:\/\/www.europesays.com\/fr\/386073\/","title":{"rendered":"Foot, National : Le Puy s\u2019incline lourdement face \u00e0 Rouen"},"content":{"rendered":"<p>\t\t\t\t\t\t\t\t\t\t\t\t\t\t\t\t\t\t\t\t\t\t\t\t\t\t\t\t\t\t\t\t\t\t\t\t\t\t\t\t\t\t\t\t\t\t\t\t\t\t\t\t\t\t\t\t\t\t\t\t\t\t\t<a href=\"https:\/\/www.lacommere43.fr\/component\/banners\/click\/1813.html\" target=\"_blank\" title=\"Loisirs Camper septembre 2025\" rel=\"noopener\"><br \/>\n\t\t\t\t\t\t\t<img decoding=\"async\" loading=\"lazy\" src=\"https:\/\/www.europesays.com\/fr\/wp-content\/uploads\/2025\/09\/LACOMMERE_43-loisirs_camper.png\" alt=\"Loisirs Camper septembre 2025\"\/><br \/>\n\t\t\t\t\t\t<\/a><\/p>\n<p>\t\t\t\t\t\t\t\t\t\t\t\t\t\t\t\t\t\t\t\t\t\t\t\t\t\t\t\t\t\t\t\t\t\t\t\t\t\t\t\t\t\t\t\t\t\t\t\t\t\t\t\t\t\t\t\t\t\t\t\t\t\t\t<a href=\"https:\/\/www.lacommere43.fr\/component\/banners\/click\/1815.html\" target=\"_blank\" title=\"Haut Pays Velay journ\u00e9es patrimoine septembre 2025\" rel=\"noopener\"><br \/>\n\t\t\t\t\t\t\t<img decoding=\"async\" loading=\"lazy\" src=\"https:\/\/www.europesays.com\/fr\/wp-content\/uploads\/2025\/09\/Pub_la_Commre_-JEP.gif\" alt=\"Haut Pays Velay journ\u00e9es patrimoine septembre 2025\"\/><br \/>\n\t\t\t\t\t\t<\/a><\/p>\n<p><strong>Le Puy Foot a conc\u00e9d\u00e9 une troisi\u00e8me d\u00e9faite en six rencontres ce vendredi 12 septembre, face au FC Rouen, pr\u00e9tendant d\u00e9clar\u00e9 \u00e0 la mont\u00e9e en Ligue 2. Devant 1 200 spectateurs au stade Massot, les Ponots ont sombr\u00e9 3 \u00e0 0 au terme d\u2019un match au sc\u00e9nario cauchemardesque.<\/strong><\/p>\n<p>Un d\u00e9but de match prometteur\u2026 vite g\u00e2ch\u00e9. Les hommes de St\u00e9phane Dief entraient bien dans la rencontre et se montraient dangereux d\u00e8s les 4\u1d49 et 6\u1d49 minutes par l\u2019interm\u00e9diaire de Plamedi Nsingi. Mais \u00e0 la 11\u1d49 minute, tout basculait : l\u2019attaquant ponot \u00e9tait expuls\u00e9 apr\u00e8s un duel avec Formose Mendy, bless\u00e9 et remplac\u00e9 par Amadou Ba Sy. Ce dernier ouvrait le score dix minutes plus tard (21\u1d49) \u00e0 la suite d\u2019une action confuse et d\u2019un avantage jug\u00e9 litigieux par le public, alors que deux joueurs restaient au sol.<\/p>\n<p>La tension montait et la premi\u00e8re p\u00e9riode devenait hach\u00e9e, ponctu\u00e9e de nombreuses fautes. Juste avant la pause (43\u1d49), le FC Rouen doublait la mise gr\u00e2ce \u00e0 Rocha Santos, parti \u00e0 la limite du hors-jeu, qui servait parfaitement Idrissa Seydi. Carvalho ne pouvait rien. Les Ponots rentraient au vestiaire avec deux buts de retard.<\/p>\n<p><strong>Un second acte courageux, mais st\u00e9rile<\/strong><\/p>\n<p>Malgr\u00e9 ce sc\u00e9nario d\u00e9favorable, Le Puy repartait fort apr\u00e8s la pause. Emric Goumot, tr\u00e8s actif, manquait le cadre \u00e0 la 51\u1d49, avant qu\u2019Irabor, nouvelle recrue, ne fr\u00f4le l\u2019\u00e9galisation deux minutes plus tard sur un centre de Zogba. Mais les espoirs ponots s\u2019\u00e9teignaient \u00e0 la 66\u1d49 : Amadou Ba Sy, encore lui, obtenait un penalty transform\u00e9 par Rocha Santos (0-3).<\/p>\n<p>Les Ciel et Blanc continuaient \u00e0 pousser, Irabor se procurant une belle occasion \u00e0 la 85\u1d49, mais le score n\u2019\u00e9voluait plus.<\/p>\n<p><strong>Une soir\u00e9e \u00e0 oublier<\/strong><\/p>\n<p>R\u00e9duits \u00e0 dix d\u00e8s le premier quart d\u2019heure, les joueurs du Puy Foot n\u2019ont jamais pu rivaliser avec un FC Rouen solide et efficace. St\u00e9phane Dief devra remobiliser ses troupes avant le prochain rendez-vous, tandis que R\u00e9gis Brouard et ses hommes confirment leurs ambitions dans ce championnat de National.<\/p>\n<p><strong>Les compositions<\/strong><\/p>\n<p><strong>Le Puy Foot<\/strong> : Carvalho \u2013 Zogba, Soualhia, Faty, Akkal \u2013 Wade, Goumot, Ghalem \u2013 Xhemo (cap.), Gromat, Nsingi.<\/p>\n<p>Rempla\u00e7ants : Irabor, Bouleghcha, Gauthier, Mohamed, Esmel.<\/p>\n<p>Entra\u00eeneur : St\u00e9phane Dief.<br \/><strong\/><\/p>\n<p>\u00a0<\/p>\n<p><strong>FC Rouen<\/strong> : Temperton \u2013 Titebah, Benzia, Bezzekhami, Rocha Santos \u2013 Faye, Bassin, Gorou \u2013 Mendy, Bouzamoucha, Seydi.<\/p>\n<p>Rempla\u00e7ants : Cartillier, Genton, Gerbeaud, Fuss, Ba Sy.<\/p>\n<p>Entra\u00eeneur : R\u00e9gis Brouard.<br \/><strong\/><\/p>\n<p>\u00a0<\/p>\n<p><strong>Arbitres<\/strong> : Benjamin Lepaysant, Olivier Studer, Brice Picard.<\/p>\n","protected":false},"excerpt":{"rendered":"Le Puy Foot a conc\u00e9d\u00e9 une troisi\u00e8me d\u00e9faite en six rencontres ce vendredi 12 septembre, face au FC&hellip;\n","protected":false},"author":2,"featured_media":386074,"comment_status":"","ping_status":"","sticky":false,"template":"","format":"standard","meta":{"footnotes":""},"categories":[9587],"tags":[1111,2281,11,1777,674,2282,1011,27,2280,2284,2285,2283,12,5161,25,9590],"class_list":{"0":"post-386073","1":"post","2":"type-post","3":"status-publish","4":"format-standard","5":"has-post-thumbnail","7":"category-rouen","8":"tag-actu","9":"tag-actualite-43","10":"tag-actualites","11":"tag-eu","12":"tag-europe","13":"tag-faits-divers-auvergne","14":"tag-fr","15":"tag-france","16":"tag-information-haute-loire","17":"tag-infos-43","18":"tag-journal-haute-loire","19":"tag-la-commere-43","20":"tag-news","21":"tag-normandie","22":"tag-republique-francaise","23":"tag-rouen"},"share_on_mastodon":{"url":"https:\/\/pubeurope.com\/@fr\/115193076172509180","error":""},"_links":{"self":[{"href":"https:\/\/www.europesays.com\/fr\/wp-json\/wp\/v2\/posts\/386073","targetHints":{"allow":["GET"]}}],"collection":[{"href":"https:\/\/www.europesays.com\/fr\/wp-json\/wp\/v2\/posts"}],"about":[{"href":"https:\/\/www.europesays.com\/fr\/wp-json\/wp\/v2\/types\/post"}],"author":[{"embeddable":true,"href":"https:\/\/www.europesays.com\/fr\/wp-json\/wp\/v2\/users\/2"}],"replies":[{"embeddable":true,"href":"https:\/\/www.europesays.com\/fr\/wp-json\/wp\/v2\/comments?post=386073"}],"version-history":[{"count":0,"href":"https:\/\/www.europesays.com\/fr\/wp-json\/wp\/v2\/posts\/386073\/revisions"}],"wp:featuredmedia":[{"embeddable":true,"href":"https:\/\/www.europesays.com\/fr\/wp-json\/wp\/v2\/media\/386074"}],"wp:attachment":[{"href":"https:\/\/www.europesays.com\/fr\/wp-json\/wp\/v2\/media?parent=386073"}],"wp:term":[{"taxonomy":"category","embeddable":true,"href":"https:\/\/www.europesays.com\/fr\/wp-json\/wp\/v2\/categories?post=386073"},{"taxonomy":"post_tag","embeddable":true,"href":"https:\/\/www.europesays.com\/fr\/wp-json\/wp\/v2\/tags?post=386073"}],"curies":[{"name":"wp","href":"https:\/\/api.w.org\/{rel}","templated":true}]}}