{"id":386075,"date":"2025-09-12T19:53:31","date_gmt":"2025-09-12T19:53:31","guid":{"rendered":"https:\/\/www.europesays.com\/fr\/386075\/"},"modified":"2025-09-12T19:53:31","modified_gmt":"2025-09-12T19:53:31","slug":"velotour-2025-de-grenoble-radio-scoop","status":"publish","type":"post","link":"https:\/\/www.europesays.com\/fr\/386075\/","title":{"rendered":"V\u00e9lotour 2025 de Grenoble &#8211; Radio SCOOP"},"content":{"rendered":"<p>Rendez-vous dimanche 28 septembre 2025, d\u00e9part \u00e0 9h \u00e0 l&rsquo;anneau de vitesse de Grenoble.<\/p>\n<p>Une Balade \u00e0 v\u00e9lo insolite, o\u00f9 le seul mot d&rsquo;ordre est le sourire.<br \/>Vous avez d\u00e9j\u00e0 roul\u00e9 dans un mus\u00e9e ? Travers\u00e9 un h\u00f4tel \u00e0 v\u00e9lo ? P\u00e9dal\u00e9 dans un stade de foot ? Dans une ambiance conviviale, d\u00e9couvrez une ville autrement en visitant \u00e0 v\u00e9lo des monuments historiques, enceintes sportives, b\u00e2timents administratifs, usines, sc\u00e8nes musicales\u2026<\/p>\n<p><b>V\u00e9lotour est accessible \u00e0 tous<\/b>, si vous souhaitez vous amuser entre amis, en famille ou avec vos coll\u00e8gues !<br \/>Au programme \u00e0 Grenoble, un parcours cyclo-ludique de 18 km. <\/p>\n<p>Rendez-vous dimanche 28 septembre 2025, d\u00e9part \u00e0 9h \u00e0 l&rsquo;anneau de vitesse de Grenoble <\/p>\n<p>Infos pratiques :<br \/>&#8211; Adresse : Village d\u00e9part-arriv\u00e9e : 18 Bd Clemenceau, 38100 Grenoble<br \/>&#8211; Horaires : D\u00e9part \u00e0 9h<br \/>&#8211; Tarifs : Variable selon l&rsquo;heure de d\u00e9part &#8211; de 5 \u00e0 12,50 euros <\/p>\n<p>Plus d&rsquo;infos et billetterie sur le site <a class=\"url\" href=\"https:\/\/velotour.fr\/grenoble\/\" target=\"_blank\" rel=\"nofollow noopener\">velotour.fr<\/a><\/p>\n<p>Max Radio est partenaire de l&rsquo;\u00e9v\u00e8nement<\/p>\n<p><\/p>\n<tr>\n<td class=\"defaut\"><a href=\"https:\/\/www.radioscoop.com\/agenda\/javascript:void(0)\" onclick=\"parent.RS.diaporama.addMedia(707090) ;\" rel=\"nofollow noopener\" target=\"_blank\"><img loading=\"lazy\" decoding=\"async\" src=\"https:\/\/www.europesays.com\/fr\/wp-content\/uploads\/2025\/09\/1757706811_794_img\" width=\"453\" height=\"640\" border=\"0\" title=\"V\u00e9lotour 2025 de Grenoble\"\/><\/a><\/td>\n<\/tr>\n<p><\/p>\n","protected":false},"excerpt":{"rendered":"Rendez-vous dimanche 28 septembre 2025, d\u00e9part \u00e0 9h \u00e0 l&rsquo;anneau de vitesse de Grenoble. Une Balade \u00e0 v\u00e9lo&hellip;\n","protected":false},"author":2,"featured_media":386076,"comment_status":"","ping_status":"","sticky":false,"template":"","format":"standard","meta":{"footnotes":""},"categories":[9566],"tags":[1111,11,16266,2430,9852,847,1777,674,652,1011,27,2731,190,1757,3048,12,51860,25,2858,51859,208,4824],"class_list":{"0":"post-386075","1":"post","2":"type-post","3":"status-publish","4":"format-standard","5":"has-post-thumbnail","7":"category-grenoble","8":"tag-actu","9":"tag-actualites","10":"tag-amis","11":"tag-auvergne-rhone-alpes","12":"tag-echirolles","13":"tag-enfant","14":"tag-eu","15":"tag-europe","16":"tag-famille","17":"tag-fr","18":"tag-france","19":"tag-grenoble","20":"tag-hotel","21":"tag-insolite","22":"tag-musee","23":"tag-news","24":"tag-pedal","25":"tag-republique-francaise","26":"tag-stade","27":"tag-vlotour","28":"tag-velo","29":"tag-ville"},"share_on_mastodon":{"url":"https:\/\/pubeurope.com\/@fr\/115193079822130271","error":""},"_links":{"self":[{"href":"https:\/\/www.europesays.com\/fr\/wp-json\/wp\/v2\/posts\/386075","targetHints":{"allow":["GET"]}}],"collection":[{"href":"https:\/\/www.europesays.com\/fr\/wp-json\/wp\/v2\/posts"}],"about":[{"href":"https:\/\/www.europesays.com\/fr\/wp-json\/wp\/v2\/types\/post"}],"author":[{"embeddable":true,"href":"https:\/\/www.europesays.com\/fr\/wp-json\/wp\/v2\/users\/2"}],"replies":[{"embeddable":true,"href":"https:\/\/www.europesays.com\/fr\/wp-json\/wp\/v2\/comments?post=386075"}],"version-history":[{"count":0,"href":"https:\/\/www.europesays.com\/fr\/wp-json\/wp\/v2\/posts\/386075\/revisions"}],"wp:featuredmedia":[{"embeddable":true,"href":"https:\/\/www.europesays.com\/fr\/wp-json\/wp\/v2\/media\/386076"}],"wp:attachment":[{"href":"https:\/\/www.europesays.com\/fr\/wp-json\/wp\/v2\/media?parent=386075"}],"wp:term":[{"taxonomy":"category","embeddable":true,"href":"https:\/\/www.europesays.com\/fr\/wp-json\/wp\/v2\/categories?post=386075"},{"taxonomy":"post_tag","embeddable":true,"href":"https:\/\/www.europesays.com\/fr\/wp-json\/wp\/v2\/tags?post=386075"}],"curies":[{"name":"wp","href":"https:\/\/api.w.org\/{rel}","templated":true}]}}