{"id":386098,"date":"2025-09-12T20:05:12","date_gmt":"2025-09-12T20:05:12","guid":{"rendered":"https:\/\/www.europesays.com\/fr\/386098\/"},"modified":"2025-09-12T20:05:12","modified_gmt":"2025-09-12T20:05:12","slug":"toulouse-les-pompiers-ouvrent-les-portes-de-leur-caserne-le-programme-des-animations","status":"publish","type":"post","link":"https:\/\/www.europesays.com\/fr\/386098\/","title":{"rendered":"Toulouse. Les pompiers ouvrent les portes de leur caserne : le programme des animations"},"content":{"rendered":"<p>            Par<br \/>\n        <strong><br \/>\n            <a href=\"https:\/\/actu.fr\/auteur\/mareva-laville-actu-fr\" title=\"Consulter tous les articles de Mar\u00e9va Laville\" rel=\"nofollow noopener\" target=\"_blank\">Mar\u00e9va Laville<\/a><br \/>\n        <\/strong><\/p>\n<p>        Publi\u00e9 le<\/p>\n<p>            12 sept. 2025 \u00e0 17h29        <\/p>\n<p>Le moment est attendu chez les pompiers. \u00c0 la <strong><a href=\"https:\/\/actu.fr\/occitanie\/toulouse_31555\/toulouse-elles-poussent-comme-des-champignons-une-toute-nouvelle-caserne-de-pompiers-inauguree_55396000.html\" rel=\"nofollow noopener\" target=\"_blank\">caserne<\/a> de Toulouse Carsalade<\/strong>, une journ\u00e9e portes ouvertes est organis\u00e9e samedi 13 septembre 2025 pour faire d\u00e9couvrir aux petits et grands leur travail.<\/p>\n<p>    <a href=\"https:\/\/www.google.com\/maps\/embed?pb=!1m18!1m12!1m3!1d8696.888317735793!2d1.4020417126759646!3d43.55585985859926!2m3!1f0!2f0!3f0!3m2!1i1024!2i768!4f13.1!3m3!1m2!1s0x12aeba2b4bb36b3b%3A0x75ccdcedd76daf7b!2s2%20Bis%20Bd%20de%20Thibaud%2C%2031100%20Toulouse!5e1!3m2!1sfr!2sfr!4v1757444418899!5m2!1sfr!2sfr\" title=\"Ouvrie le lien\" rel=\"nofollow noopener\" target=\"_blank\">Cliquez ici pour visualiser le contenu<\/a><\/p>\n<p class=\" wall-content\">Pour en prendre plein les yeux, les soldats du feu ont pr\u00e9par\u00e9 un joli programme qui se d\u00e9roulera tout au long de la journ\u00e9e, mais surtout l\u2019apr\u00e8s-midi.<\/p>\n<p>Tyrolienne, d\u00e9monstrations et visites de camions<\/p>\n<p class=\" wall-content\">Des animations sont pr\u00e9vues d\u00e8s 13h30 et se d\u00e9rouleront jusqu\u2019\u00e0 19\u2009h.<\/p>\n<p class=\" wall-content\">Au programme\u2009: divers ateliers et d\u00e9monstrations autour du m\u00e9tier de pompier. Secourisme, <strong>tyrolienne<\/strong>, d\u00e9monstration avec<strong> feu r\u00e9el,<\/strong> recherche de victimes avec les<strong> sp\u00e9cialistes cynotechniques,<\/strong> parcours, mascotte, pause sucr\u00e9e avec la buvette\u2026 Et \u00e9videmment\u2009: la <strong>visite des camions\u2009!<\/strong><\/p>\n<p>Vid\u00e9os : en ce moment sur ActuUne guinguette le soir<\/p>\n<p class=\" wall-content\">Apr\u00e8s cette journ\u00e9e bien anim\u00e9e, les pompiers de Toulouse Carsalade s\u00e9duiront davantage encore les plus grands avec l\u2019ouverture d\u2019une <strong>guinguette<\/strong>, avec<strong> happy hour entre 19\u00a0heures et 20\u00a0heures.<\/strong><\/p>\n<p class=\" wall-content\">Ambiance musicale garantie\u2009! \u00ab\u2009Autour d\u2019un barbecue et d\u2019une buvette\u2009\u00bb, pr\u00e9cisent-ils. \u00c9videmment\u2009!<\/p>\n<p>Votre r\u00e9gion, votre actu !<\/p>\n<p>Recevez chaque jour les infos qui comptent pour vous.<\/p>\n<p>\t<a href=\"https:\/\/actu.fr\/newsletter\" class=\"ac-btn ac-btn--corner ac-btn--medium ac-btn--blue800\" rel=\"nofollow noopener\" target=\"_blank\">S&rsquo;incrire<\/a><\/p>\n<p>Portes ouvertes de la caserne Toulouse Carsalade<br \/>Samedi 13\u00a0septembre \u00e0 partir de 13h30<br \/>2bis boulevard de Thibaud \u00e0 Toulouse.<\/p>\n<p class=\" wall-content\">Personnalisez votre actualit\u00e9 en ajoutant vos villes et m\u00e9dias en favori avec <a href=\"https:\/\/moncompte.actu.fr\" title=\"D\u00e9couvez Mon Actu\" rel=\"nofollow noopener\" data-trk=\"{&quot;cta&quot;:{&quot;action&quot;:&quot;https:\\\/\\\/moncompte.actu.fr&quot;,&quot;category&quot;:&quot;mon compte&quot;,&quot;from&quot;:&quot;article footer&quot;,&quot;name&quot;:&quot;Mon actu&quot;,&quot;type&quot;:&quot;cta&quot;}}\" target=\"_blank\">Mon Actu<\/a>.<\/p>\n","protected":false},"excerpt":{"rendered":"Par Mar\u00e9va Laville Publi\u00e9 le 12 sept. 2025 \u00e0 17h29 Le moment est attendu chez les pompiers. \u00c0&hellip;\n","protected":false},"author":2,"featured_media":386099,"comment_status":"","ping_status":"","sticky":false,"template":"","format":"standard","meta":{"footnotes":""},"categories":[2816],"tags":[1111,11,1777,674,1011,27,12,2680,1311,25,104,1341,2312],"class_list":{"0":"post-386098","1":"post","2":"type-post","3":"status-publish","4":"format-standard","5":"has-post-thumbnail","7":"category-toulouse","8":"tag-actu","9":"tag-actualites","10":"tag-eu","11":"tag-europe","12":"tag-fr","13":"tag-france","14":"tag-news","15":"tag-occitanie","16":"tag-pompiers","17":"tag-republique-francaise","18":"tag-societe","19":"tag-sortir-a-toulouse","20":"tag-toulouse"},"share_on_mastodon":{"url":"https:\/\/pubeurope.com\/@fr\/115193126847654239","error":""},"_links":{"self":[{"href":"https:\/\/www.europesays.com\/fr\/wp-json\/wp\/v2\/posts\/386098","targetHints":{"allow":["GET"]}}],"collection":[{"href":"https:\/\/www.europesays.com\/fr\/wp-json\/wp\/v2\/posts"}],"about":[{"href":"https:\/\/www.europesays.com\/fr\/wp-json\/wp\/v2\/types\/post"}],"author":[{"embeddable":true,"href":"https:\/\/www.europesays.com\/fr\/wp-json\/wp\/v2\/users\/2"}],"replies":[{"embeddable":true,"href":"https:\/\/www.europesays.com\/fr\/wp-json\/wp\/v2\/comments?post=386098"}],"version-history":[{"count":0,"href":"https:\/\/www.europesays.com\/fr\/wp-json\/wp\/v2\/posts\/386098\/revisions"}],"wp:featuredmedia":[{"embeddable":true,"href":"https:\/\/www.europesays.com\/fr\/wp-json\/wp\/v2\/media\/386099"}],"wp:attachment":[{"href":"https:\/\/www.europesays.com\/fr\/wp-json\/wp\/v2\/media?parent=386098"}],"wp:term":[{"taxonomy":"category","embeddable":true,"href":"https:\/\/www.europesays.com\/fr\/wp-json\/wp\/v2\/categories?post=386098"},{"taxonomy":"post_tag","embeddable":true,"href":"https:\/\/www.europesays.com\/fr\/wp-json\/wp\/v2\/tags?post=386098"}],"curies":[{"name":"wp","href":"https:\/\/api.w.org\/{rel}","templated":true}]}}