{"id":386102,"date":"2025-09-12T20:07:31","date_gmt":"2025-09-12T20:07:31","guid":{"rendered":"https:\/\/www.europesays.com\/fr\/386102\/"},"modified":"2025-09-12T20:07:31","modified_gmt":"2025-09-12T20:07:31","slug":"communique-de-presse-bilan-et-perspectives-du-plan-marshall-une-dynamique-positive-et-des-defis-a-relever","status":"publish","type":"post","link":"https:\/\/www.europesays.com\/fr\/386102\/","title":{"rendered":"Communiqu\u00e9 de presse : bilan et perspectives du Plan Marshall &#8211; une dynamique positive et des d\u00e9fis \u00e0 relever"},"content":{"rendered":"<p>Depuis son lancement il y a deux ans, en juin 2023, le Plan Marshall connait un d\u00e9veloppement continu, avec des r\u00e9sultats encourageants et des pistes d\u2019am\u00e9lioration sur la p\u00e9riode 2023-2025.\n<\/p>\n<p>De nombreuses actions ont \u00e9t\u00e9 men\u00e9es par l\u2019ensemble des partenaires (France Travail, l\u2019UIMM, la R\u00e9gion acad\u00e9mique, DREETS, AREFIE, OPCO2i, Alliance Emploi) tant sur le volet attractivit\u00e9 que sur le volet formation (Formation initiale, comme formation professionnelle). Sur le volet formation professionnelle le nombre de places dans les formations dans le domaine de la maintenance a plus que tripl\u00e9, avec 8600 personnes form\u00e9es.<\/p>\n<p>Un bilan 2023-2024 tr\u00e8s satisfaisant<\/p>\n<p>Depuis son lancement, le Plan Marshall d\u00e9ploy\u00e9 dans les Hauts-de-France affiche une dynamique positive. Apr\u00e8s une premi\u00e8re ann\u00e9e 2023 prometteuse, qui a permis de poser des bases solides, l\u2019ann\u00e9e 2024 marque une v\u00e9ritable acc\u00e9l\u00e9ration.<\/p>\n<p>Avec un nombre record de 3 523 entr\u00e9es en formation et un taux d\u2019ach\u00e8vement remarquable de 89,4 %, les r\u00e9sultats sont au rendez-vous. Ces chiffres illustrent une r\u00e9elle ad\u00e9quation entre les formations propos\u00e9es et les attentes des publics concern\u00e9s.<\/p>\n<p>Depuis le d\u00e9but du Plan, pr\u00e8s de 10 000 personnes sont entr\u00e9es en formation, et 8 600 en sont d\u00e9j\u00e0 sorties, t\u00e9moignant d\u2019une mobilisation forte et continue.<\/p>\n<p>Une r\u00e9partition g\u00e9ographique cibl\u00e9e et efficace<\/p>\n<p>Le Plan Marshall s\u2019appuie sur une implantation strat\u00e9gique des formations dans les bassins industriels cl\u00e9s de la r\u00e9gion : Dunkerque, Lille, Valenciennes et Lens. Ces territoires, au c\u0153ur des dynamiques \u00e9conomiques r\u00e9gionales, qu\u2019il s\u2019agisse de l\u2019industrie, de la logistique, de la transition \u00e9nerg\u00e9tique ou encore de la construction, concentrent \u00e0 eux seuls une large part des actions de formation.<\/p>\n<p>Les formations d\u00e9ploy\u00e9es ont principalement cibl\u00e9 les m\u00e9tiers de la maintenance, technicien et technicien sup\u00e9rieur de maintenance. Elles ont \u00e9t\u00e9 dirig\u00e9es principalement en direction de TPE et PME dans tous les territoires.<br \/>Ce ciblage territorial permet de r\u00e9pondre au plus pr\u00e8s des besoins en comp\u00e9tences identifi\u00e9s localement, en lien direct avec les entreprises implant\u00e9es sur place.<\/p>\n<p>Les r\u00e9sultats sont l\u00e0 : dans ces zones, plus de 90 % des stagiaires sortent de formation avec une issue positive, que ce soit un retour \u00e0 l\u2019emploi, une poursuite de parcours qualifiant ou une insertion professionnelle rapide. Ce taux confirme la pertinence du d\u00e9ploiement territorial du Plan Marshall, en phase avec les r\u00e9alit\u00e9s du terrain.<\/p>\n","protected":false},"excerpt":{"rendered":"Depuis son lancement il y a deux ans, en juin 2023, le Plan Marshall connait un d\u00e9veloppement continu,&hellip;\n","protected":false},"author":2,"featured_media":100004,"comment_status":"","ping_status":"","sticky":false,"template":"","format":"standard","meta":{"footnotes":""},"categories":[2815],"tags":[1111,11,341,1777,674,5016,1011,27,811,693,5701,1307,12,25],"class_list":{"0":"post-386102","1":"post","2":"type-post","3":"status-publish","4":"format-standard","5":"has-post-thumbnail","7":"category-lille","8":"tag-actu","9":"tag-actualites","10":"tag-emploi","11":"tag-eu","12":"tag-europe","13":"tag-formation-orientation","14":"tag-fr","15":"tag-france","16":"tag-hauts-de-france","17":"tag-industrie","18":"tag-innovation","19":"tag-lille","20":"tag-news","21":"tag-republique-francaise"},"share_on_mastodon":{"url":"https:\/\/pubeurope.com\/@fr\/115193134724804929","error":""},"_links":{"self":[{"href":"https:\/\/www.europesays.com\/fr\/wp-json\/wp\/v2\/posts\/386102","targetHints":{"allow":["GET"]}}],"collection":[{"href":"https:\/\/www.europesays.com\/fr\/wp-json\/wp\/v2\/posts"}],"about":[{"href":"https:\/\/www.europesays.com\/fr\/wp-json\/wp\/v2\/types\/post"}],"author":[{"embeddable":true,"href":"https:\/\/www.europesays.com\/fr\/wp-json\/wp\/v2\/users\/2"}],"replies":[{"embeddable":true,"href":"https:\/\/www.europesays.com\/fr\/wp-json\/wp\/v2\/comments?post=386102"}],"version-history":[{"count":0,"href":"https:\/\/www.europesays.com\/fr\/wp-json\/wp\/v2\/posts\/386102\/revisions"}],"wp:featuredmedia":[{"embeddable":true,"href":"https:\/\/www.europesays.com\/fr\/wp-json\/wp\/v2\/media\/100004"}],"wp:attachment":[{"href":"https:\/\/www.europesays.com\/fr\/wp-json\/wp\/v2\/media?parent=386102"}],"wp:term":[{"taxonomy":"category","embeddable":true,"href":"https:\/\/www.europesays.com\/fr\/wp-json\/wp\/v2\/categories?post=386102"},{"taxonomy":"post_tag","embeddable":true,"href":"https:\/\/www.europesays.com\/fr\/wp-json\/wp\/v2\/tags?post=386102"}],"curies":[{"name":"wp","href":"https:\/\/api.w.org\/{rel}","templated":true}]}}