{"id":386105,"date":"2025-09-12T20:09:11","date_gmt":"2025-09-12T20:09:11","guid":{"rendered":"https:\/\/www.europesays.com\/fr\/386105\/"},"modified":"2025-09-12T20:09:11","modified_gmt":"2025-09-12T20:09:11","slug":"les-trottinettes-dans-le-viseur-des-associations","status":"publish","type":"post","link":"https:\/\/www.europesays.com\/fr\/386105\/","title":{"rendered":"les trottinettes dans le viseur des associations"},"content":{"rendered":"<p>Six ans apr\u00e8s la premi\u00e8re campagne de nettoyage \u00e0 l\u2019initiative de l\u2019Union nautique marseillaise (UNM) en\u00a02019, qui avait sorti 7 tonnes de d\u00e9chets de l\u2019eau, cinq clubs de voile et cinq associations (MerVeille, 1 d\u00e9chet par jour, B\u00e9a, Boud\u2019mer et la SNSM &#8211; Les Sauveteurs en mer) tenteront de rendre, ce samedi 12\u00a0septembre entre 9 h et midi, <a href=\"https:\/\/www.laprovence.com\/article\/region\/13800870782161\/les-marseillais-se-retroussent-les-manches-pour-un-littoral-propre-a-lanse-de-de-la-fausse-monnaie\" target=\"_blank\" rel=\"noopener\">son \u00e9clat au Vieux-Port<\/a>.<\/p>\n<p>\u00ab\u00a0Une batterie peut polluer un million de litres d\u2019eau\u00a0\u00bb<\/p>\n<p>Une centaine de b\u00e9n\u00e9voles devraient rallier le Vieux-Port, c\u00f4t\u00e9 h\u00f4tel de ville (2e). Une petite dizaine de plongeurs de l\u2019UNM participeront \u00e0 l\u2019op\u00e9ration pour remonter des d\u00e9chets. \u00c0 la t\u00eate de <a href=\"https:\/\/www.laprovence.com\/article\/region\/4872015588754714\/operation-nettoyons-le-sud-megots-canettes-a-l-escale-borely-les-marseillais-ont-ramasse-310-kilos-de-dechets\" target=\"_blank\" rel=\"noopener\">l\u2019association 1 d\u00e9chet par jour, J\u00e9r\u00f4me Ziolkowski<\/a>, esp\u00e8re ainsi \u00ab\u00a0relancer un mouvement \u00e9cologiste\u00a0\u00bb pour \u00ab\u00a0f\u00e9d\u00e9rer d\u2019ici un an tous les clubs nautiques du Vieux-Port autour d\u2019une grosse op\u00e9ration annuelle de d\u00e9pollution\u00a0\u00bb dans ce qui est \u00ab\u00a0le poumon de Marseille, <a href=\"https:\/\/www.laprovence.com\/article\/region\/3531597516533714\/restauration-de-la-bonne-mere-a-marseille-la-dorure-de-la-statue-de-la-vierge-a-demarre-a-60-metres-de-hauteur\" target=\"_blank\" rel=\"noopener\">en contrebas de son c\u0153ur, la Bonne M\u00e8re<\/a>\u00ab\u00a0.<\/p>\n<p>\u00c9quip\u00e9s de grappins et de quoi p\u00eacher \u00e0 l\u2019aimant, les b\u00e9n\u00e9voles auront la (lourde) t\u00e2che de sortir les milliers de kilos de d\u00e9chets au fond de l\u2019eau apr\u00e8s les pluies du 1er\u00a0septembre, qui avait provoqu\u00e9 le report de la rentr\u00e9e scolaire. \u00ab\u00a0On ne peut pas faire grand-chose face aux contraintes de l\u2019am\u00e9nagement urbain et du d\u00e9versement \u00ab\u00a0naturel\u00a0\u00bb des poubelles dans le Vieux-Port, mais on peut sensibiliser les gens\u00a0\u00bb, esp\u00e8re J\u00e9r\u00f4me. La priorit\u00e9, pour ce travailleur associatif, \u00ab\u00a0est de responsabiliser les concessionnaires de v\u00e9los et de trottinettes\u00a0\u00bb, puisque \u00ab\u00a0d\u2019ann\u00e9e en ann\u00e9e, on trouve des dizaines de mod\u00e8les sous l\u2019eau, alors qu\u2019<a href=\"https:\/\/www.laprovence.com\/article\/faits-divers-justice\/10242078070996\/une-trottinette-prend-feu-dans-un-appartement-au-2e-etage-au-boulevard-vauban-a-marseille\" target=\"_blank\" rel=\"noopener\">une batterie peut polluer un million de litres d\u2019eau<\/a>\u00ab\u00a0, chiffre-t-il.<\/p>\n<p>\u00ab\u00a0Les incivilit\u00e9s ne sont pas une excuse pour se d\u00e9douaner\u00a0\u00bb<\/p>\n<p>Camille, <a href=\"https:\/\/www.laprovence.com\/article\/region\/63660921120888\/en-plein-air-pour-la-mer-loperation-de-ramassage-de-dechets-pour-proteger-les-plages-de-la-ciotat\" target=\"_blank\" rel=\"noopener\">membre de l\u2019association MerTerre<\/a>, qui vise \u00e0 sensibiliser sur le sujet de la r\u00e9duction des d\u00e9chets, met en lumi\u00e8re \u00ab\u00a0l\u2019impact irr\u00e9versible des additifs chimiques, comme les peintures, les colles, et des substances chimiques des batteries sur tous types d\u2019esp\u00e8ces sous-marines quelles qu\u2019elles soient\u00a0\u00bb. Elle ajoute \u00ab\u00a0qu\u2019aucun plastique n\u2019est recyclable \u00e0 100%. \u00c7a, c\u2019est un mythe invent\u00e9 par le lobby du recyclage\u00a0\u00bb, accuse-t-elle.<\/p>\n<p><a href=\"https:\/\/www.laprovence.com\/article\/societe\/96038461367411\/les-trottinettes-voi-disponibles-sur-une-plus-large-zone-a-marseille\" target=\"_blank\" rel=\"noopener\">Du c\u00f4t\u00e9 de Voi, dont les trottinettes<\/a> sont lou\u00e9es en libre-service \u00e0 Marseille, on assure \u00ab\u00a0qu\u2019un ramassage effectu\u00e9 par les plongeurs de la Soci\u00e9t\u00e9 nautique de la Corniche a lieu tous les mois\u00a0\u00bb. \u00ab\u00a0On ne peut pas involontairement jeter une trottinette \u00e0 l\u2019eau puisqu\u2019elles sont lourdes et bloqu\u00e9es \u00e0 distance quand on les approche de l\u2019eau\u00a0\u00bb, insiste la marque aux mod\u00e8les orang\u00e9s, qui met en avant les incivilit\u00e9s. Toutefois, d\u2019apr\u00e8s les associations mobilis\u00e9es ce samedi matin, \u00ab\u00a0les incivilit\u00e9s ne sont pas une excuse pour se d\u00e9douaner\u00a0: les op\u00e9rateurs de trottinettes doivent fournir les moyens pour tirer de l\u2019eau le plus vite possible les trottinettes, et trouver la solution pour que \u00e7a n\u2019arrive plus\u00a0\u00bb.<\/p>\n","protected":false},"excerpt":{"rendered":"Six ans apr\u00e8s la premi\u00e8re campagne de nettoyage \u00e0 l\u2019initiative de l\u2019Union nautique marseillaise (UNM) en\u00a02019, qui avait&hellip;\n","protected":false},"author":2,"featured_media":386106,"comment_status":"","ping_status":"","sticky":false,"template":"","format":"standard","meta":{"footnotes":""},"categories":[2814],"tags":[17,1111,11,15089,10466,1777,674,1011,27,884,16398,12,471,882,16,25,3982,96,1179],"class_list":{"0":"post-386105","1":"post","2":"type-post","3":"status-publish","4":"format-standard","5":"has-post-thumbnail","7":"category-marseille","8":"tag-17","9":"tag-actu","10":"tag-actualites","11":"tag-benevoles","12":"tag-centaine","13":"tag-eu","14":"tag-europe","15":"tag-fr","16":"tag-france","17":"tag-marseille","18":"tag-nettoyer","19":"tag-news","20":"tag-pour","21":"tag-provence-alpes-cote-dazur","22":"tag-region","23":"tag-republique-francaise","24":"tag-samedi","25":"tag-une","26":"tag-vieux-port"},"share_on_mastodon":{"url":"https:\/\/pubeurope.com\/@fr\/115193142606734028","error":""},"_links":{"self":[{"href":"https:\/\/www.europesays.com\/fr\/wp-json\/wp\/v2\/posts\/386105","targetHints":{"allow":["GET"]}}],"collection":[{"href":"https:\/\/www.europesays.com\/fr\/wp-json\/wp\/v2\/posts"}],"about":[{"href":"https:\/\/www.europesays.com\/fr\/wp-json\/wp\/v2\/types\/post"}],"author":[{"embeddable":true,"href":"https:\/\/www.europesays.com\/fr\/wp-json\/wp\/v2\/users\/2"}],"replies":[{"embeddable":true,"href":"https:\/\/www.europesays.com\/fr\/wp-json\/wp\/v2\/comments?post=386105"}],"version-history":[{"count":0,"href":"https:\/\/www.europesays.com\/fr\/wp-json\/wp\/v2\/posts\/386105\/revisions"}],"wp:featuredmedia":[{"embeddable":true,"href":"https:\/\/www.europesays.com\/fr\/wp-json\/wp\/v2\/media\/386106"}],"wp:attachment":[{"href":"https:\/\/www.europesays.com\/fr\/wp-json\/wp\/v2\/media?parent=386105"}],"wp:term":[{"taxonomy":"category","embeddable":true,"href":"https:\/\/www.europesays.com\/fr\/wp-json\/wp\/v2\/categories?post=386105"},{"taxonomy":"post_tag","embeddable":true,"href":"https:\/\/www.europesays.com\/fr\/wp-json\/wp\/v2\/tags?post=386105"}],"curies":[{"name":"wp","href":"https:\/\/api.w.org\/{rel}","templated":true}]}}