{"id":38611,"date":"2025-04-20T10:09:10","date_gmt":"2025-04-20T10:09:10","guid":{"rendered":"https:\/\/www.europesays.com\/fr\/38611\/"},"modified":"2025-04-20T10:09:10","modified_gmt":"2025-04-20T10:09:10","slug":"sante-etre-marie-augmenterait-les-risques-mentaux-cest-une-etude-qui-le-suggere","status":"publish","type":"post","link":"https:\/\/www.europesays.com\/fr\/38611\/","title":{"rendered":"Sant\u00e9. \u00catre mari\u00e9 augmenterait les risques mentaux ? C&rsquo;est une \u00e9tude qui le sugg\u00e8re"},"content":{"rendered":"<p>Une \u00e9tude publi\u00e9e le mois dernier, bas\u00e9e sur les chiffres du <a href=\"https:\/\/alz-journals.onlinelibrary.wiley.com\/doi\/10.1002\/alz.70072\" target=\"_blank\" rel=\"nofollow noopener\">National Alzheimer&rsquo;s Coordinating Center<\/a>, fait beaucoup jaser&#8230; Elle\u00a0sugg\u00e8re que les personnes mari\u00e9es seraient plus sujettes \u00e0 la d\u00e9mence que les personnes c\u00e9libataires, veuves ou divorc\u00e9es.<\/p>\n<p>Les c\u00e9libataires et divorc\u00e9s moins expos\u00e9s ?<\/p>\n<p>Comme le rapporte le journal <a href=\"https:\/\/www.sudouest.fr\/sante\/etre-marie-est-lie-a-un-risque-accru-de-demence-selon-une-etude-24076935.php\" target=\"_blank\" rel=\"nofollow noopener\">Sud Ouest<\/a>, reprenant un article de <a href=\"https:\/\/theconversation.com\/etre-marie-est-lie-a-un-risque-accru-de-demence-selon-une-etude-254547\" target=\"_blank\" rel=\"nofollow noopener\">The Conversation<\/a>, les chercheurs se sont pench\u00e9s sur les analyses de cas de 24 000 Am\u00e9ricains avec un \u00e2ge moyen de 71 ans pour \u00e9tablir une \u00e9tude comparative. <a href=\"https:\/\/www.ledauphine.com\/magazine-lifestyle\/2025\/02\/21\/mariages-dates-prisees-budget-traditions-quelles-sont-les-tendances-pour-2025\" target=\"_blank\" rel=\"nofollow noopener\">Mari\u00e9s<\/a>, divorc\u00e9s, veufs ou c\u00e9libataires&#8230; Les participants ont \u00e9t\u00e9 suivis pendant 18 ans pour certains. L\u2019\u00e9quipe a ensuite compar\u00e9 les taux de d\u00e9mence\u00a0en fonction du statut conjugal.<\/p>\n<p>L\u2019\u00e9tude r\u00e9v\u00e8le que les c\u00e9libataires et les personnes divorc\u00e9es sont moins susceptibles de passer d\u2019une d\u00e9ficience cognitive l\u00e9g\u00e8re \u00e0 la d\u00e9mence. Les c\u00e9libataires sont ainsi, selon les r\u00e9sultats, moins expos\u00e9s \u00e0 la maladie d\u2019Alzheimer, maladie neurod\u00e9g\u00e9n\u00e9rative qui affecte principalement la m\u00e9moire et cause la plus courante de d\u00e9mence. De plus, les personnes devenues veuves au cours de l\u2019\u00e9tude pr\u00e9sentaient un risque plus faible de d\u00e9mence.<\/p>\n<p>  Vivre seul est-il meilleur pour la sant\u00e9 ?<\/p>\n<p>Selon les chercheurs, le cercle social pourrait jouer un r\u00f4le important, les personnes mari\u00e9es ayant souvent des cercles plus restreints que les adultes c\u00e9libataires. Ces derniers sont aussi moins \u00ab\u00a0confront\u00e9s des facteurs de stress quotidiens,\u00a0comme la garde des enfants\u00a0ou la gestion des finances des m\u00e9nages pour les familles nombreuses\u00a0\u00bb, note le magazine am\u00e9ricain\u00a0<a href=\"https:\/\/parade.com\/health\/dementia-marriage-study-march-2025\" target=\"_blank\" rel=\"nofollow noopener\">Parade Magazine<\/a> dans son article d\u00e9di\u00e9 \u00e0 l&rsquo;\u00e9tude.<\/p>\n<p>Que les couples se rassurent : les chercheurs notent quand m\u00eame que vivre\u00a0\u00e0 deux\u00a0peut alerter plus rapidement de l\u2019\u00e9tat cognitif d\u2019un partenaire, contrairement \u00e0 une personne seule, ce qui expliquerait cette plus\u00a0forte incidence. Les chercheurs soulignent enfin que le secret d\u2019une bonne sant\u00e9 mentale r\u00e9side avant tout dans la qualit\u00e9 des relations, l\u2019\u00e9coute, le soutien ou le mode de vie plut\u00f4t que seulement le statut matrimonial en soi. \u00ab En somme, ce n\u2019est peut-\u00eatre pas votre situation conjugale qui influence votre risque de d\u00e9mence, mais plut\u00f4t la qualit\u00e9 des liens et le bien-\u00eatre \u00e9motionnel qui en d\u00e9coulent \u00bb, conclut l\u2019article.<\/p>\n","protected":false},"excerpt":{"rendered":"Une \u00e9tude publi\u00e9e le mois dernier, bas\u00e9e sur les chiffres du National Alzheimer&rsquo;s Coordinating Center, fait beaucoup jaser&#8230;&hellip;\n","protected":false},"author":2,"featured_media":38612,"comment_status":"","ping_status":"","sticky":false,"template":"","format":"standard","meta":{"footnotes":""},"categories":[10],"tags":[107,1011,27,329,72,71,767,801,104],"class_list":{"0":"post-38611","1":"post","2":"type-post","3":"status-publish","4":"format-standard","5":"has-post-thumbnail","7":"category-sante","8":"tag-fil-info","9":"tag-fr","10":"tag-france","11":"tag-france-monde","12":"tag-health","13":"tag-sante","14":"tag-science-et-technologie","15":"tag-social","16":"tag-societe"},"share_on_mastodon":{"url":"https:\/\/pubeurope.com\/@fr\/114369748202983364","error":""},"_links":{"self":[{"href":"https:\/\/www.europesays.com\/fr\/wp-json\/wp\/v2\/posts\/38611","targetHints":{"allow":["GET"]}}],"collection":[{"href":"https:\/\/www.europesays.com\/fr\/wp-json\/wp\/v2\/posts"}],"about":[{"href":"https:\/\/www.europesays.com\/fr\/wp-json\/wp\/v2\/types\/post"}],"author":[{"embeddable":true,"href":"https:\/\/www.europesays.com\/fr\/wp-json\/wp\/v2\/users\/2"}],"replies":[{"embeddable":true,"href":"https:\/\/www.europesays.com\/fr\/wp-json\/wp\/v2\/comments?post=38611"}],"version-history":[{"count":0,"href":"https:\/\/www.europesays.com\/fr\/wp-json\/wp\/v2\/posts\/38611\/revisions"}],"wp:featuredmedia":[{"embeddable":true,"href":"https:\/\/www.europesays.com\/fr\/wp-json\/wp\/v2\/media\/38612"}],"wp:attachment":[{"href":"https:\/\/www.europesays.com\/fr\/wp-json\/wp\/v2\/media?parent=38611"}],"wp:term":[{"taxonomy":"category","embeddable":true,"href":"https:\/\/www.europesays.com\/fr\/wp-json\/wp\/v2\/categories?post=38611"},{"taxonomy":"post_tag","embeddable":true,"href":"https:\/\/www.europesays.com\/fr\/wp-json\/wp\/v2\/tags?post=38611"}],"curies":[{"name":"wp","href":"https:\/\/api.w.org\/{rel}","templated":true}]}}