{"id":386117,"date":"2025-09-12T20:16:10","date_gmt":"2025-09-12T20:16:10","guid":{"rendered":"https:\/\/www.europesays.com\/fr\/386117\/"},"modified":"2025-09-12T20:16:10","modified_gmt":"2025-09-12T20:16:10","slug":"non-la-cathedrale-de-rouen-na-pas-ete-incendiee-par-des-djihadistes-ce-vendredi-soir","status":"publish","type":"post","link":"https:\/\/www.europesays.com\/fr\/386117\/","title":{"rendered":"Non, la cath\u00e9drale de Rouen n\u2019a pas \u00e9t\u00e9 \u00ab\u00a0incendi\u00e9e par des djihadistes\u00a0\u00bb ce vendredi soir"},"content":{"rendered":"<p class=\"paragraph text_align_left lp-f-body-02\">C\u2019est une fake news qui a pris de l\u2019ampleur sur le r\u00e9seau social X ce vendredi soir o\u00f9 le mot-cl\u00e9 \u00ab Rouen \u00bb s\u2019est gliss\u00e9 dans le Top 30 des tendances du r\u00e9seau social.<\/p>\n<p class=\"paragraph text_align_left lp-f-body-02\">Une vid\u00e9o de l\u2019incendie de la fl\u00e8che de la cath\u00e9drale de Rouen en flammes connaissait un succ\u00e8s \u00e9tonnant ce vendredi soir sur les r\u00e9seaux sociaux. Tout est parti d\u2019un post d\u2019un utilisateur de X ce vendredi en fin d\u2019apr\u00e8s midi.<\/p>\n<p class=\"paragraph text_align_left lp-f-body-02\">Un certain Faraz Pervaiz, se disant \u00ab chr\u00e9tien \u00bb et comptant pr\u00e8s de 40 000 abonn\u00e9s, publiait sur son compte une vid\u00e9o de la cath\u00e9drale gothique, v\u00e9ritable chef-d\u2019\u0153uvre d\u2019architecture, en flammes \u00e0 la tomb\u00e9e du jour. Le commentaire associ\u00e9 \u00e9tant \u00e0 l\u2019avenant.<\/p>\n<p class=\"paragraph text_align_left lp-f-body-02\">\u00ab France : Une \u00e9glise de Rouen incendi\u00e9e, br\u00fbl\u00e9e par des djihadistes. La destruction incessante des \u00e9glises historiques de France sous le r\u00e9gime d\u2019Emmanuel Macron se poursuit, les islamistes incendiant des sites sacr\u00e9s \u00bb, est-il l\u00e9gend\u00e9.<\/p>\n<blockquote class=\"twitter-tweet\">\n<p lang=\"en\" dir=\"ltr\">\ud83c\uddeb\ud83c\uddf7FRANCE: Rouen church set on fire, burned by jihadis.<\/p>\n<p>The relentless destruction of France\u2019s historic churches under Emmanuel Macron\u2019s rule continues, Islamist torching sacred sites. <a href=\"https:\/\/t.co\/DY3mPcbc9B\" rel=\"nofollow\">pic.twitter.com\/DY3mPcbc9B<\/a><\/p>\n<p>\u2014 Faraz Pervaiz (@FarazPervaiz3) <a href=\"https:\/\/twitter.com\/FarazPervaiz3\/status\/1966441670225883164?ref_src=twsrc%5Etfw\" rel=\"nofollow noopener\" target=\"_blank\">September 12, 2025<\/a><\/p><\/blockquote>\n<p class=\"paragraph text_align_left lp-f-body-02\">La vid\u00e9o a ensuite \u00e9t\u00e9 reprise par au moins deux autres comptes ajoutant \u00e0 la confusion sur ce pseudo-incendie. <a href=\"https:\/\/x.com\/ActuPolitiqueN\/status\/1966489760744059338\" target=\"_blank\" rel=\"noreferrer nofollow\">Un compte d\u2019un \u00ab patriote \u00bb<\/a> partageait lui aussi la vid\u00e9o ajoutant aussi un commentaire \u00e0 caract\u00e8re religieux, et l\u2019a depuis supprim\u00e9.<\/p>\n<p class=\"paragraph text_align_left lp-f-body-02\">Un autre compte d\u2019une journaliste am\u00e9ricaine avec pr\u00e8s de 120 000 abonn\u00e9s a aussi pouss\u00e9 la vid\u00e9o au cours de la journ\u00e9e assurant qu\u2019elle avait \u00e9t\u00e9 br\u00fbl\u00e9e par des \u00ab musulmans ill\u00e9gaux \u00bb.<\/p>\n<p>Images de 2024<\/p>\n<p class=\"paragraph text_align_left lp-f-body-02\">Pourtant, la cath\u00e9drale de Rouen n\u2019est absolument pas en flammes ce vendredi soir. Et encore moins en raison de djihadistes ou de musulmans !<\/p>\n<p class=\"paragraph text_align_left lp-f-body-02\">La vid\u00e9o date en r\u00e9alit\u00e9 du 11 juillet 2024, lorsque, comme le rappelait France 3 Normandie, la cath\u00e9drale de Rouen avait subi <a href=\"https:\/\/france3-regions.franceinfo.fr\/normandie\/seine-maritime\/rouen\/feu-a-la-cathedrale-de-rouen-les-impressionnantes-images-du-drone-des-sapeurs-pompiers-3003404.html\" rel=\"nofollow noopener\" target=\"_blank\">un incendie au niveau de sa fl\u00e8che<\/a>, pr\u00e8s d\u2019une zone en travaux situ\u00e9e \u00e0 120 m de hauteur.<\/p>\n<p class=\"paragraph text_align_left lp-f-body-02\">L\u2019\u00e9difice avait pu rouvrir au public en fin de matin\u00e9e \u00e0 l\u2019\u00e9poque. \u00ab L\u2019int\u00e9rieur a \u00e9t\u00e9 pr\u00e9serv\u00e9, notamment les \u0153uvres \u00bb, s\u2019\u00e9tait m\u00eame f\u00e9licit\u00e9 la ministre de la Culture, Rachida Dati, venue au chevet de la cath\u00e9drale, l\u2019apr\u00e8s-midi de l\u2019incident. Une vid\u00e9o du Parisien est aussi l\u00e0 pour en attester.<\/p>\n<p class=\"title-embed-dailymotion lp-color-text lp-f-subtitle-04\">Vid\u00e9oRouen : la fl\u00e8che de la cath\u00e9drale touch\u00e9e par un incendie<\/p>\n<p class=\"paragraph text_align_left lp-f-body-02\">Ce vendredi soir de simples internautes ont eux aussi signal\u00e9 cette fake news aupr\u00e8s de la plateforme X, en filmant la cath\u00e9drale.<\/p>\n<blockquote class=\"twitter-tweet\">\n<p lang=\"fr\" dir=\"ltr\">T&rsquo;es un grand cingl\u00e9 toi, en direct de Rouen, il y a z\u00e9ro \u00e9glise ou cath\u00e9drale qui br\u00fble.<br \/>Ce feu c&rsquo;\u00e9tait l&rsquo;\u00e9t\u00e9 dernier, d\u00fb aux TRAVAUX DE R\u00c9NOVATION. <br \/>Va dormir. <a href=\"https:\/\/t.co\/y8MOFWwNmo\" rel=\"nofollow\">https:\/\/t.co\/y8MOFWwNmo<\/a><\/p>\n<p>\u2014 Nonma (@Nobodyynope) <a href=\"https:\/\/twitter.com\/Nobodyynope\/status\/1966547152479436914?ref_src=twsrc%5Etfw\" rel=\"nofollow noopener\" target=\"_blank\">September 12, 2025<\/a><\/p><\/blockquote>\n<p class=\"paragraph text_align_left lp-f-body-02\">Ces vid\u00e9os montrant la fl\u00e8che de la cath\u00e9drale de Rouen sans aucun panache de fum\u00e9e ni d\u2019incendie en cours\u2026 CQFD.<\/p>\n<p><script async src=\"https:\/\/platform.twitter.com\/widgets.js\" charset=\"utf-8\"><\/script><\/p>\n","protected":false},"excerpt":{"rendered":"C\u2019est une fake news qui a pris de l\u2019ampleur sur le r\u00e9seau social X ce vendredi soir o\u00f9&hellip;\n","protected":false},"author":2,"featured_media":386118,"comment_status":"","ping_status":"","sticky":false,"template":"","format":"standard","meta":{"footnotes":""},"categories":[1888],"tags":[1111,1928,11,1927,459,1777,674,1011,27,12,1926,626,1925,25,104],"class_list":{"0":"post-386117","1":"post","2":"type-post","3":"status-publish","4":"format-standard","5":"has-post-thumbnail","7":"category-paris","8":"tag-actu","9":"tag-actu-paris","10":"tag-actualites","11":"tag-actualites-paris","12":"tag-departements-horsidfo","13":"tag-eu","14":"tag-europe","15":"tag-fr","16":"tag-france","17":"tag-news","18":"tag-news-paris","19":"tag-paris","20":"tag-paris-news","21":"tag-republique-francaise","22":"tag-societe"},"share_on_mastodon":{"url":"https:\/\/pubeurope.com\/@fr\/115193170357558218","error":""},"_links":{"self":[{"href":"https:\/\/www.europesays.com\/fr\/wp-json\/wp\/v2\/posts\/386117","targetHints":{"allow":["GET"]}}],"collection":[{"href":"https:\/\/www.europesays.com\/fr\/wp-json\/wp\/v2\/posts"}],"about":[{"href":"https:\/\/www.europesays.com\/fr\/wp-json\/wp\/v2\/types\/post"}],"author":[{"embeddable":true,"href":"https:\/\/www.europesays.com\/fr\/wp-json\/wp\/v2\/users\/2"}],"replies":[{"embeddable":true,"href":"https:\/\/www.europesays.com\/fr\/wp-json\/wp\/v2\/comments?post=386117"}],"version-history":[{"count":0,"href":"https:\/\/www.europesays.com\/fr\/wp-json\/wp\/v2\/posts\/386117\/revisions"}],"wp:featuredmedia":[{"embeddable":true,"href":"https:\/\/www.europesays.com\/fr\/wp-json\/wp\/v2\/media\/386118"}],"wp:attachment":[{"href":"https:\/\/www.europesays.com\/fr\/wp-json\/wp\/v2\/media?parent=386117"}],"wp:term":[{"taxonomy":"category","embeddable":true,"href":"https:\/\/www.europesays.com\/fr\/wp-json\/wp\/v2\/categories?post=386117"},{"taxonomy":"post_tag","embeddable":true,"href":"https:\/\/www.europesays.com\/fr\/wp-json\/wp\/v2\/tags?post=386117"}],"curies":[{"name":"wp","href":"https:\/\/api.w.org\/{rel}","templated":true}]}}