{"id":386125,"date":"2025-09-12T20:20:12","date_gmt":"2025-09-12T20:20:12","guid":{"rendered":"https:\/\/www.europesays.com\/fr\/386125\/"},"modified":"2025-09-12T20:20:12","modified_gmt":"2025-09-12T20:20:12","slug":"poutine-met-les-espoirs-de-paix-sur-pause-trump-trepigne-mais-pas-trop-2","status":"publish","type":"post","link":"https:\/\/www.europesays.com\/fr\/386125\/","title":{"rendered":"Poutine met les espoirs de paix sur \u00ab pause \u00bb, Trump tr\u00e9pigne (mais pas trop)"},"content":{"rendered":"<p class=\"mb-4 text-lg md:leading-8 break-words\"><strong>Recap &#8211; \u00ab\u00a020 Minutes\u00a0\u00bb fait le point pour vous tous les soirs sur le conflit en Ukraine. Ce vendredi a \u00e9t\u00e9 marqu\u00e9 par la \u00ab\u00a0vie en rose\u00a0\u00bb c\u00f4t\u00e9 Kremlin et un air de tango \u00e0 la Maison Blanche<\/strong><\/p>\n<p class=\"mb-4 text-lg md:leading-8 break-words\">Vous avez rat\u00e9 les derniers \u00e9v\u00e9nements sur la <a href=\"https:\/\/www.20minutes.fr\/monde\/ukraine\/?at_medium=RSS%20feed&amp;at_campaign=ynews&amp;utm_source=yahoo&amp;utm_medium=rss&amp;utm_campaign=news_feed&amp;utm_content=in_article_link\" rel=\"nofollow noopener\" target=\"_blank\" data-ylk=\"slk:guerre en Ukraine;elm:context_link;itc:0;sec:content-canvas\" class=\"link \">guerre en Ukraine<\/a>\u00a0? 20 Minutes fait le point pour vous tous les soirs. Voici l\u2019essentiel de ce vendredi 12\u00a0septembre, 1.297e jour du conflit.<\/p>\n<p>Le fait du jour<\/p>\n<p class=\"mb-4 text-lg md:leading-8 break-words\">\u00ab\u00a0On ne peut pas voir la vie en rose et s\u2019attendre \u00e0 ce que le processus de n\u00e9gociation donne des r\u00e9sultats imm\u00e9diats\u00a0\u00bb. Pour ceux qui croyaient encore \u00e0 une issue rapide, ou m\u00eame \u00e0 une reprise des n\u00e9gociations, Dmitri Peskov, le porte-parole de <a href=\"https:\/\/www.20minutes.fr\/monde\/vladimir_poutine\/?at_medium=RSS%20feed&amp;at_campaign=ynews&amp;utm_source=yahoo&amp;utm_medium=rss&amp;utm_campaign=news_feed&amp;utm_content=in_article_link\" rel=\"nofollow noopener\" target=\"_blank\" data-ylk=\"slk:Vladimir Poutine;elm:context_link;itc:0;sec:content-canvas\" class=\"link \">Vladimir Poutine<\/a>, s\u2019est charg\u00e9 de la douche froide. \u00ab\u00a0Les canaux de communication existent, ils sont bien \u00e9tablis. Nos n\u00e9gociateurs ont la possibilit\u00e9 de communiquer par ces canaux, mais pour l\u2019instant, on peut plut\u00f4t parler d\u2019une pause\u00a0\u00bb, a-t-il expliqu\u00e9.<\/p>\n<p class=\"mb-4 text-lg md:leading-8 break-words\">Un constat qui n\u2019a pas surpris le pr\u00e9sident Ukrainien, persuad\u00e9 que les Russes n\u2019arr\u00eateront pas leur offensive de sit\u00f4t. \u00ab\u00a0Le but de Poutine est d\u2019occuper toute l\u2019Ukraine. Et peu importe ce qu\u2019il dit, il est clair qu\u2019il a mis en marche la machine de guerre \u00e0 un point tel qu\u2019il ne peut tout simplement pas l\u2019arr\u00eater, \u00e0 moins qu\u2019il soit forc\u00e9 de changer fondamentalement ses objectifs personnels\u00a0\u00bb, a d\u00e9clar\u00e9 <a href=\"https:\/\/www.20minutes.fr\/monde\/volodymyr-zelensky\/?at_medium=RSS%20feed&amp;at_campaign=ynews&amp;utm_source=yahoo&amp;utm_medium=rss&amp;utm_campaign=news_feed&amp;utm_content=in_article_link\" rel=\"nofollow noopener\" target=\"_blank\" data-ylk=\"slk:Volodymyr Zelensky;elm:context_link;itc:0;sec:content-canvas\" class=\"link \">Volodymyr Zelensky<\/a> lors de la conf\u00e9rence annuelle Yalta European Strategy en Ukraine. Pour lui, \u00ab\u00a0\u00e9changer des territoires\u00a0\u00bb, hypoth\u00e8se \u00e9voqu\u00e9e pour mettre fin au conflit, ne suffirait pas \u00e0 atteindre la paix.<\/p>\n<p>La d\u00e9claration du jour<\/p>\n<blockquote class=\"mb-4 border-l-2 pl-5 italic text-tertiary\">\n<p class=\"mb-4 text-lg md:leading-8 break-words\">Il faut \u00eatre deux pour danser le tango<\/p>\n<\/blockquote>\n<p class=\"mb-4 text-lg md:leading-8 break-words\">L\u2019expression utilis\u00e9e par Donald Trump sur la cha\u00eene Fox News pour renvoyer Volodymyr Zelensky et Vladimir Pout(&#8230;)<\/p>\n<p class=\"mb-4 text-lg md:leading-8 break-words\"><a href=\"https:\/\/www.20minutes.fr\/monde\/ukraine\/4172794-20250912-guerre-ukraine-poutine-met-espoirs-paix-pause-trump-trepigne-trop?at_medium=RSS%20feed&amp;at_campaign=ynews&amp;utm_source=yahoo&amp;utm_medium=rss&amp;utm_campaign=news_feed&amp;utm_content=read_more_link&quot;\" rel=\"nofollow noopener\" target=\"_blank\" data-ylk=\"slk:Lire la suite sur 20minutes;elm:context_link;itc:0;sec:content-canvas\" class=\"link \">Lire la suite sur 20minutes<\/a><\/p>\n<p>\u00c0 lire aussi :<br \/><a href=\"https:\/\/www.20minutes.fr\/monde\/ukraine\/4172753-20250912-guerre-ukraine-quoi-consistent-exercices-militaires-russie-bielorussie?at_medium=RSS%20feed&amp;at_campaign=ynews&amp;utm_source=yahoo&amp;utm_medium=rss&amp;utm_campaign=news_feed&amp;utm_content=related_content_link\" rel=\"nofollow noopener\" target=\"_blank\" data-ylk=\"slk:Guerre en Ukraine\u00a0: En quoi consistent les exercices militaires de la Russie et de la Bi\u00e9lorussie\u00a0?;elm:context_link;itc:0;sec:content-canvas\" class=\"link \">Guerre en Ukraine\u00a0: En quoi consistent les exercices militaires de la Russie et de la Bi\u00e9lorussie\u00a0?<\/a><br \/><a href=\"https:\/\/www.20minutes.fr\/monde\/4172226-20250910-guerre-ukraine-sait-incursion-drones-russes-pologne?at_medium=RSS%20feed&amp;at_campaign=ynews&amp;utm_source=yahoo&amp;utm_medium=rss&amp;utm_campaign=news_feed&amp;utm_content=related_content_link\" rel=\"nofollow noopener\" target=\"_blank\" data-ylk=\"slk:Guerre en Ukraine\u00a0: Article 4, avions n\u00e9erlandais... Ce que l\u2019on sait sur l\u2019incursion de drones russes en Pologne;elm:context_link;itc:0;sec:content-canvas\" class=\"link \">Guerre en Ukraine\u00a0: Article 4, avions n\u00e9erlandais&#8230; Ce que l\u2019on sait sur l\u2019incursion de drones russes en Pologne<\/a><\/p>\n","protected":false},"excerpt":{"rendered":"Recap &#8211; \u00ab\u00a020 Minutes\u00a0\u00bb fait le point pour vous tous les soirs sur le conflit en Ukraine. Ce&hellip;\n","protected":false},"author":2,"featured_media":386126,"comment_status":"","ping_status":"","sticky":false,"template":"","format":"standard","meta":{"footnotes":""},"categories":[1590],"tags":[11,5438,1777,674,51865,12,51863,220,51864,135],"class_list":{"0":"post-386125","1":"post","2":"type-post","3":"status-publish","4":"format-standard","5":"has-post-thumbnail","7":"category-ukraine","8":"tag-actualites","9":"tag-dmitri-peskov","10":"tag-eu","11":"tag-europe","12":"tag-la-vie-en-rose","13":"tag-news","14":"tag-reprise-des-negociations","15":"tag-ukraine","16":"tag-vie-en-rose","17":"tag-vladimir-poutine"},"share_on_mastodon":{"url":"https:\/\/pubeurope.com\/@fr\/115193185927832214","error":""},"_links":{"self":[{"href":"https:\/\/www.europesays.com\/fr\/wp-json\/wp\/v2\/posts\/386125","targetHints":{"allow":["GET"]}}],"collection":[{"href":"https:\/\/www.europesays.com\/fr\/wp-json\/wp\/v2\/posts"}],"about":[{"href":"https:\/\/www.europesays.com\/fr\/wp-json\/wp\/v2\/types\/post"}],"author":[{"embeddable":true,"href":"https:\/\/www.europesays.com\/fr\/wp-json\/wp\/v2\/users\/2"}],"replies":[{"embeddable":true,"href":"https:\/\/www.europesays.com\/fr\/wp-json\/wp\/v2\/comments?post=386125"}],"version-history":[{"count":0,"href":"https:\/\/www.europesays.com\/fr\/wp-json\/wp\/v2\/posts\/386125\/revisions"}],"wp:featuredmedia":[{"embeddable":true,"href":"https:\/\/www.europesays.com\/fr\/wp-json\/wp\/v2\/media\/386126"}],"wp:attachment":[{"href":"https:\/\/www.europesays.com\/fr\/wp-json\/wp\/v2\/media?parent=386125"}],"wp:term":[{"taxonomy":"category","embeddable":true,"href":"https:\/\/www.europesays.com\/fr\/wp-json\/wp\/v2\/categories?post=386125"},{"taxonomy":"post_tag","embeddable":true,"href":"https:\/\/www.europesays.com\/fr\/wp-json\/wp\/v2\/tags?post=386125"}],"curies":[{"name":"wp","href":"https:\/\/api.w.org\/{rel}","templated":true}]}}