{"id":386127,"date":"2025-09-12T20:21:11","date_gmt":"2025-09-12T20:21:11","guid":{"rendered":"https:\/\/www.europesays.com\/fr\/386127\/"},"modified":"2025-09-12T20:21:11","modified_gmt":"2025-09-12T20:21:11","slug":"un-immigre-tue-par-la-police-a-chicago-en-tenant-dechapper-a-une-arrestation","status":"publish","type":"post","link":"https:\/\/www.europesays.com\/fr\/386127\/","title":{"rendered":"Un immigr\u00e9 tu\u00e9 par la police \u00e0 Chicago en tenant d\u2019\u00e9chapper \u00e0 une arrestation"},"content":{"rendered":"<p>Quatre jours apr\u00e8s le d\u00e9but d\u2019une op\u00e9ration d\u2019ampleur anti-immigration lanc\u00e9e par <a href=\"https:\/\/www.20minutes.fr\/dossier\/donald_trump\" class=\"c-link c-link--is-underlined\" rel=\"nofollow noopener\" target=\"_blank\">Donald Trump<\/a>, un homme en situation irr\u00e9guli\u00e8re est mort ce vendredi, tu\u00e9 par les agents de la <a href=\"https:\/\/www.20minutes.fr\/dossier\/police\" class=\"c-link c-link--is-underlined\" rel=\"nofollow noopener\" target=\"_blank\">police <\/a>f\u00e9d\u00e9rale de l\u2019<a href=\"https:\/\/www.20minutes.fr\/dossier\/immigration\" class=\"c-link c-link--is-underlined\" rel=\"nofollow noopener\" target=\"_blank\">immigration<\/a> (ICE) qui tentaient de contr\u00f4ler son identit\u00e9.<\/p>\n<p>Vendredi matin dans la m\u00e9tropole du nord des Etats-Unis, \u00ab\u00a0des agents d\u2019ICE ont stopp\u00e9 un v\u00e9hicule pour arr\u00eater Silverio Villegas-Gonzalez\u00a0\u00bb, a affirm\u00e9 le minist\u00e8re dans un communiqu\u00e9, sans pr\u00e9ciser sa nationalit\u00e9.<\/p>\n<p>Op\u00e9ration \u00ab\u00a0Midway Blitz\u00a0\u00bb<\/p>\n<p>\u00ab\u00a0Il a refus\u00e9 de suivre les instructions des agents et a lanc\u00e9 sa voiture sur eux. Un des policiers d\u2019ICE a \u00e9t\u00e9 touch\u00e9 par la voiture et tra\u00een\u00e9 sur une distance significative. Craignant pour sa vie, il a utilis\u00e9 son arme\u00a0\u00bb, ajoute le minist\u00e8re.<\/p>\n<\/p>\n<p>\u00ab\u00a0Le policier a subi de multiples blessures et est dans un \u00e9tat stable. L\u2019immigr\u00e9 en situation irr\u00e9guli\u00e8re a \u00e9t\u00e9 d\u00e9clar\u00e9 mort\u00a0\u00bb, selon le texte. Silverio Villegas-Gonzalez aurait \u00ab\u00a0des ant\u00e9c\u00e9dents de conduite dangereuse. Il \u00e9tait entr\u00e9 dans le pays \u00e0 une date inconnue\u00a0\u00bb, pr\u00e9cise le minist\u00e8re pour justifier sa d\u00e9signation comme \u00ab\u00a0criminel\u00a0\u00bb.<\/p>\n<p>L\u2019administration Trump a annonc\u00e9 lundi lanc\u00e9 une op\u00e9ration d\u2019ICE baptis\u00e9e \u00ab\u00a0Midway blitz\u00a0\u00bb, visant \u00ab\u00a0les immigr\u00e9s ill\u00e9gaux criminels qui terrorisent les Am\u00e9ricains\u00a0\u00bb dans l\u2019Illinois, gouvern\u00e9 par les d\u00e9mocrates.<\/p>\n<p>Donald Trump a adopt\u00e9 la semaine derni\u00e8re une rh\u00e9torique ultra-violente contre Chicago, qu\u2019il qualifie de \u00ab\u00a0trous \u00e0 rats\u00a0\u00bb ou encore de \u00ab\u00a0capitale mondiale du meurtre\u00a0\u00bb et menace d\u2019y d\u00e9ployer des militaires de la Garde nationale comme il l\u2019a fait \u00e0 Washington, la capitale f\u00e9d\u00e9rale, en ao\u00fbt.<\/p>\n<p><a href=\"https:\/\/www.20minutes.fr\/monde\/etats-unis\/\" class=\"c-link c-btn c-btn--primary\" rel=\"nofollow noopener\" target=\"_blank\">Nos articles sur les Etats-Unis<\/a><\/p>\n<p>Le pr\u00e9sident am\u00e9ricain a \u00e9rig\u00e9 la lutte contre l\u2019immigration clandestine en priorit\u00e9 absolue, \u00e9voquant une \u00ab\u00a0invasion\u00a0\u00bb des Etats-Unis par des \u00ab\u00a0criminels venus de l\u2019\u00e9tranger \u00bb et communiquant abondamment sur les expulsions d\u2019immigr\u00e9s.<\/p>\n","protected":false},"excerpt":{"rendered":"Quatre jours apr\u00e8s le d\u00e9but d\u2019une op\u00e9ration d\u2019ampleur anti-immigration lanc\u00e9e par Donald Trump, un homme en situation irr\u00e9guli\u00e8re&hellip;\n","protected":false},"author":2,"featured_media":386128,"comment_status":"","ping_status":"","sticky":false,"template":"","format":"standard","meta":{"footnotes":""},"categories":[1589],"tags":[47,11,17005,73,1866,1061,74,12,1072,1864,1865,1863,308],"class_list":{"0":"post-386127","1":"post","2":"type-post","3":"status-publish","4":"format-standard","5":"has-post-thumbnail","7":"category-etats-unis","8":"tag-actualite","9":"tag-actualites","10":"tag-chicago","11":"tag-etats-unis","12":"tag-etats-unis-damerique","13":"tag-immigration","14":"tag-monde","15":"tag-news","16":"tag-police","17":"tag-united-states","18":"tag-united-states-of-america","19":"tag-us","20":"tag-usa"},"share_on_mastodon":{"url":"https:\/\/pubeurope.com\/@fr\/115193189767803987","error":""},"_links":{"self":[{"href":"https:\/\/www.europesays.com\/fr\/wp-json\/wp\/v2\/posts\/386127","targetHints":{"allow":["GET"]}}],"collection":[{"href":"https:\/\/www.europesays.com\/fr\/wp-json\/wp\/v2\/posts"}],"about":[{"href":"https:\/\/www.europesays.com\/fr\/wp-json\/wp\/v2\/types\/post"}],"author":[{"embeddable":true,"href":"https:\/\/www.europesays.com\/fr\/wp-json\/wp\/v2\/users\/2"}],"replies":[{"embeddable":true,"href":"https:\/\/www.europesays.com\/fr\/wp-json\/wp\/v2\/comments?post=386127"}],"version-history":[{"count":0,"href":"https:\/\/www.europesays.com\/fr\/wp-json\/wp\/v2\/posts\/386127\/revisions"}],"wp:featuredmedia":[{"embeddable":true,"href":"https:\/\/www.europesays.com\/fr\/wp-json\/wp\/v2\/media\/386128"}],"wp:attachment":[{"href":"https:\/\/www.europesays.com\/fr\/wp-json\/wp\/v2\/media?parent=386127"}],"wp:term":[{"taxonomy":"category","embeddable":true,"href":"https:\/\/www.europesays.com\/fr\/wp-json\/wp\/v2\/categories?post=386127"},{"taxonomy":"post_tag","embeddable":true,"href":"https:\/\/www.europesays.com\/fr\/wp-json\/wp\/v2\/tags?post=386127"}],"curies":[{"name":"wp","href":"https:\/\/api.w.org\/{rel}","templated":true}]}}