{"id":386134,"date":"2025-09-12T20:25:11","date_gmt":"2025-09-12T20:25:11","guid":{"rendered":"https:\/\/www.europesays.com\/fr\/386134\/"},"modified":"2025-09-12T20:25:11","modified_gmt":"2025-09-12T20:25:11","slug":"sa-fille-partage-un-dechirant-message","status":"publish","type":"post","link":"https:\/\/www.europesays.com\/fr\/386134\/","title":{"rendered":"sa fille partage un d\u00e9chirant message"},"content":{"rendered":"<p>                                    <img decoding=\"async\" src=\"https:\/\/www.europesays.com\/fr\/wp-content\/uploads\/2025\/09\/368f996cfa247a264abe4c2a87aec96ebbed1c202cf1bb50439462f2031e83a2.jpg\" alt=\"Ce jeudi 11 septembre dans Gala N\u00b01683, d\u00e9couvrez le sommaire en vid\u00e9o\u00a0!\" class=\"a11y-hidden\" fetchpriority=\"high\"\/><\/p>\n<p class=\"fig-standfirst\">Ce vendredi 12 septembre, le regrett\u00e9 Paul Walker aurait c\u00e9l\u00e9br\u00e9 ses 52 ans. Pour cette occasion, sa fille Meadow a partag\u00e9 un message d\u00e9chirant sur son compte Instagram.<\/p>\n<p class=\"fig-paragraph\">Les ann\u00e9es passent mais la douleur reste intacte. Le 30 novembre 2013,\u00a0<a href=\"https:\/\/www.gala.fr\/l_actu\/news_de_stars\/paul-walker-pourquoi-sa-mort-tragique-dans-un-accident-de-voiture-a-autant-choque_454693\" target=\"_blank\" data-fig-type=\"Article\" rel=\"sponsored noopener nofollow\" data-gtm-custom-categorie=\"navigation\" data-gtm-custom-action=\"crossclick\" data-gtm-custom-label=\"Contextuel\" data-gtm-event=\"customEventSPE\" data-fig-domain=\"GALA\">Paul Walker est d\u00e9c\u00e9d\u00e9 brutalement \u00e0 40 ans<\/a>, dans un accident de voiture survenu dans le comt\u00e9 de Los Angeles. Il a laiss\u00e9 derri\u00e8re lui\u00a0<a href=\"https:\/\/www.gala.fr\/l_actu\/news_de_stars\/paul-walker-sa-fille-meadow-divorce-apres-seulement-2-ans-de-mariage_535221\" target=\"_blank\" data-fig-type=\"Article\" rel=\"sponsored noopener nofollow\" data-gtm-custom-categorie=\"navigation\" data-gtm-custom-action=\"crossclick\" data-gtm-custom-label=\"Contextuel\" data-gtm-event=\"customEventSPE\" data-fig-domain=\"GALA\">sa fille Meadow<\/a>, alors \u00e2g\u00e9e de 15 ans au moment des faits. Ce vendredi 12 septembre, \u00e0 l\u2019occasion de ce qu\u2019aurait \u00e9t\u00e9 le cinquante-deuxi\u00e8me anniversaire de l\u2019acteur, la jeune femme s\u2019est empar\u00e9e de son compte Instagram pour lui rendre un hommage bouleversant. Elle a partag\u00e9 une photo en noir et blanc d\u2019elle enfant, assise sur les genoux de son p\u00e8re. Celui qui incarnait Brian O\u2019Conner dans la saga Fast and Furious lui enl\u00e8ve une chaussure, alors qu\u2019elle semble g\u00ean\u00e9e par ce qui pourrait \u00eatre un caillou.<\/p>\n<p class=\"fig-paragraph\">\u00abJoyeux anniversaire papa. Je t\u2019aime \u00e0 l\u2019infini et tu me manques chaque jour\u00bb, a \u00e9crit Meadow Walker, en l\u00e9gende de cette publication. Un message d\u00e9chirant qui a fait r\u00e9agir ses millions d\u2019abonn\u00e9s. Dans les commentaires, nombreux sont ceux \u00e0 avoir \u00e9t\u00e9 d\u00e9pos\u00e9s des c\u0153urs de couleurs diff\u00e9rentes\u00a0: rouges, blancs, bleus. L\u2019acteur Vin Diesel,\u00a0<a href=\"https:\/\/www.gala.fr\/l_actu\/news_de_stars\/4-ans-apres-la-mort-de-paul-walker-vin-diesel-et-ses-amis-lui-rendent-hommage_409945\" data-fig-type=\"Article\" data-gtm-custom-categorie=\"navigation\" data-gtm-custom-action=\"crossclick\" data-gtm-custom-label=\"Contextuel\" data-gtm-event=\"customEventSPE\" data-fig-domain=\"GALA\" rel=\"nofollow noopener\" target=\"_blank\">qui faisait partie des amis proches de Paul Walker<\/a>, a \u00e9galement r\u00e9agi au message de sa filleule. Il a simplement mis un \u00e9moji qui repr\u00e9sente des mains jointes, souvent interpr\u00e9t\u00e9es comme un geste de pri\u00e8re, de remerciement ou de demande. Une vague d\u2019\u00e9motion qui montre combien Paul Walker reste encore pr\u00e9sent dans les c\u0153urs.<\/p>\n<p>                                    <a class=\"fig-a11y-skip a11y-hidden\" href=\"#fig-a11y-skip-main-inarticle\"><br \/>\n        Passer la publicit\u00e9<br \/>\n    <\/a><\/p>\n<p>Paul Walker\u00a0: 11 ans apr\u00e8s sa mort, sa fille Meadow partage une touchante photo pour P\u00e2ques<\/p>\n<p class=\"fig-paragraph\">Tr\u00e8s active sur les r\u00e9seaux sociaux, ce n\u2019est pas la premi\u00e8re fois que Meadow Walker rend hommage \u00e0 son p\u00e8re. Onze apr\u00e8s son d\u00e9c\u00e8s, \u00e0 l\u2019occasion de la f\u00eate de P\u00e2ques, elle a d\u00e9voil\u00e9 en story sur son compte Instagram,<a href=\"https:\/\/www.gala.fr\/l_actu\/news_de_stars\/paul-walker-11-ans-apres-sa-mort-sa-fille-meadow-partage-une-touchante-photo-pour-paques-20250421\" target=\"_blank\" data-fig-type=\"Article\" rel=\"sponsored noopener nofollow\" data-gtm-custom-categorie=\"navigation\" data-gtm-custom-action=\"crossclick\" data-gtm-custom-label=\"Contextuel\" data-gtm-event=\"customEventSPE\" data-fig-domain=\"GALA\">\u00a0un tendre clich\u00e9 d\u2019elle<\/a>, o\u00f9 elle appara\u00eet une nouvelle fois assise sur ses genoux, alors que Paul Walker, lui, est accroupi dans l\u2019herbe. Une photo souvenir prise lorsqu\u2019elle \u00e9tait \u00e2g\u00e9e d\u2019un ou deux ans et qu\u2019elle venait de terminer sa chasse aux \u0153ufs de P\u00e2ques. \u00abHappy Easter\u00bb, (Joyeux P\u00e2ques en anglais, NDLR), avait-elle simplement \u00e9crit. Un message accompagn\u00e9 d\u2019un c\u0153ur bleu. Une nouvelle preuve que la jeune femme de 26 ans ne cesse de penser \u00e0 son p\u00e8re, malgr\u00e9 les ann\u00e9es qui passent.<\/p>\n","protected":false},"excerpt":{"rendered":"Ce vendredi 12 septembre, le regrett\u00e9 Paul Walker aurait c\u00e9l\u00e9br\u00e9 ses 52 ans. Pour cette occasion, sa fille&hellip;\n","protected":false},"author":2,"featured_media":386135,"comment_status":"","ping_status":"","sticky":false,"template":"","format":"standard","meta":{"footnotes":""},"categories":[1586],"tags":[11,3581,3983,1777,674,1779,195,1011,27,4879,51866,12889,12,43346,25,1778,364],"class_list":{"0":"post-386134","1":"post","2":"type-post","3":"status-publish","4":"format-standard","5":"has-post-thumbnail","7":"category-europe","8":"tag-actualites","9":"tag-anniversaire","10":"tag-deces","11":"tag-eu","12":"tag-europe","13":"tag-european-union","14":"tag-fille","15":"tag-fr","16":"tag-france","17":"tag-hommage","18":"tag-meadow-walker","19":"tag-message","20":"tag-news","21":"tag-paul-walker","22":"tag-republique-francaise","23":"tag-ue","24":"tag-union-europeenne"},"share_on_mastodon":{"url":"https:\/\/pubeurope.com\/@fr\/115193205525285080","error":""},"_links":{"self":[{"href":"https:\/\/www.europesays.com\/fr\/wp-json\/wp\/v2\/posts\/386134","targetHints":{"allow":["GET"]}}],"collection":[{"href":"https:\/\/www.europesays.com\/fr\/wp-json\/wp\/v2\/posts"}],"about":[{"href":"https:\/\/www.europesays.com\/fr\/wp-json\/wp\/v2\/types\/post"}],"author":[{"embeddable":true,"href":"https:\/\/www.europesays.com\/fr\/wp-json\/wp\/v2\/users\/2"}],"replies":[{"embeddable":true,"href":"https:\/\/www.europesays.com\/fr\/wp-json\/wp\/v2\/comments?post=386134"}],"version-history":[{"count":0,"href":"https:\/\/www.europesays.com\/fr\/wp-json\/wp\/v2\/posts\/386134\/revisions"}],"wp:featuredmedia":[{"embeddable":true,"href":"https:\/\/www.europesays.com\/fr\/wp-json\/wp\/v2\/media\/386135"}],"wp:attachment":[{"href":"https:\/\/www.europesays.com\/fr\/wp-json\/wp\/v2\/media?parent=386134"}],"wp:term":[{"taxonomy":"category","embeddable":true,"href":"https:\/\/www.europesays.com\/fr\/wp-json\/wp\/v2\/categories?post=386134"},{"taxonomy":"post_tag","embeddable":true,"href":"https:\/\/www.europesays.com\/fr\/wp-json\/wp\/v2\/tags?post=386134"}],"curies":[{"name":"wp","href":"https:\/\/api.w.org\/{rel}","templated":true}]}}