{"id":386140,"date":"2025-09-12T20:28:16","date_gmt":"2025-09-12T20:28:16","guid":{"rendered":"https:\/\/www.europesays.com\/fr\/386140\/"},"modified":"2025-09-12T20:28:16","modified_gmt":"2025-09-12T20:28:16","slug":"arthur-rinderknech-met-la-france-sur-orbite-contre-la-croatie","status":"publish","type":"post","link":"https:\/\/www.europesays.com\/fr\/386140\/","title":{"rendered":"Arthur Rinderknech met la France sur orbite contre la Croatie"},"content":{"rendered":"<p>En deux sets, Arthur Rinderknech a dompt\u00e9 Marin Cilic (6-2, 6-4) et permet \u00e0 l\u2019\u00e9quipe de France de faire le break (2-0) contre la Croatie suite \u00e0 la victoire de Corentin Moutet.<\/p>\n<p class=\"fig-paragraph\">Pour son premier jour en Croatie, la France a apprivois\u00e9 de la meilleure des mani\u00e8res l\u2019atypique terre battue indoor.\u00a0<a href=\"http:\/\/www.lefigaro.fr\/sports\/tennis\/coupe-davis\/coupe-davis-corentin-moutet-permet-a-la-france-de-prendre-les-devants-20250912\" target=\"_blank\" data-fig-type=\"NewsFlash\" rel=\"sponsored noopener nofollow\" data-gtm-custom-categorie=\"navigation\" data-gtm-custom-action=\"crossclick\" data-gtm-custom-label=\"Contextuel\" data-gtm-event=\"customEventSPE\" data-fig-domain=\"LEFIGARO\">Apr\u00e8s le succ\u00e8s de Corentin Moutet<\/a>\u00a0face \u00e0 Dino Prizmic (6-4, 5-7, 6-1), les Bleus repartent, ce vendredi d\u2019Osijek (Croatie), avec le sourire et m\u00e8nent d\u00e9sormais deux points \u00e0 z\u00e9ro gr\u00e2ce \u00e0 Arthur Kinderknech.<\/p>\n<p class=\"fig-paragraph\">Le Fran\u00e7ais, class\u00e9 57e mondial, s\u2019est d\u00e9fait en deux sets de l\u2019ancien vainqueur de l\u2019US Open (2014) et actuel 60e mondial Marin Cilic (6-2, 6-4). Avec ce succ\u00e8s, les hommes de Paul-Henri Mathieu ne sont plus qu\u2019a un petit point de se qualifier en phase finale de la Coupe Davis.<\/p>\n<p>                                    <a class=\"fig-a11y-skip a11y-hidden\" href=\"#fig-a11y-skip-main-inarticle\"><br \/>\n        Passer la publicit\u00e9<br \/>\n    <\/a><\/p>\n<p class=\"fig-paragraph\">La paire tricolore Benjamin Bonzi (45e) et Pierre-Hugues Herbert aura une premi\u00e8re balle de match, ce samedi apr\u00e8s-midi (13h), face au duo croate Pavic-Nikola Mektic, anciens num\u00e9ros 1 mondiaux de la sp\u00e9cialit\u00e9 et champions olympiques en 2021.<\/p>\n<p>La suite du programme\u00a0:<\/p>\n","protected":false},"excerpt":{"rendered":"En deux sets, Arthur Rinderknech a dompt\u00e9 Marin Cilic (6-2, 6-4) et permet \u00e0 l\u2019\u00e9quipe de France de&hellip;\n","protected":false},"author":2,"featured_media":386141,"comment_status":"","ping_status":"","sticky":false,"template":"","format":"standard","meta":{"footnotes":""},"categories":[4],"tags":[11,16961,1011,27,12,25],"class_list":{"0":"post-386140","1":"post","2":"type-post","3":"status-publish","4":"format-standard","5":"has-post-thumbnail","7":"category-france","8":"tag-actualites","9":"tag-corentin-moutet","10":"tag-fr","11":"tag-france","12":"tag-news","13":"tag-republique-francaise"},"share_on_mastodon":{"url":"https:\/\/pubeurope.com\/@fr\/115193217786738525","error":""},"_links":{"self":[{"href":"https:\/\/www.europesays.com\/fr\/wp-json\/wp\/v2\/posts\/386140","targetHints":{"allow":["GET"]}}],"collection":[{"href":"https:\/\/www.europesays.com\/fr\/wp-json\/wp\/v2\/posts"}],"about":[{"href":"https:\/\/www.europesays.com\/fr\/wp-json\/wp\/v2\/types\/post"}],"author":[{"embeddable":true,"href":"https:\/\/www.europesays.com\/fr\/wp-json\/wp\/v2\/users\/2"}],"replies":[{"embeddable":true,"href":"https:\/\/www.europesays.com\/fr\/wp-json\/wp\/v2\/comments?post=386140"}],"version-history":[{"count":0,"href":"https:\/\/www.europesays.com\/fr\/wp-json\/wp\/v2\/posts\/386140\/revisions"}],"wp:featuredmedia":[{"embeddable":true,"href":"https:\/\/www.europesays.com\/fr\/wp-json\/wp\/v2\/media\/386141"}],"wp:attachment":[{"href":"https:\/\/www.europesays.com\/fr\/wp-json\/wp\/v2\/media?parent=386140"}],"wp:term":[{"taxonomy":"category","embeddable":true,"href":"https:\/\/www.europesays.com\/fr\/wp-json\/wp\/v2\/categories?post=386140"},{"taxonomy":"post_tag","embeddable":true,"href":"https:\/\/www.europesays.com\/fr\/wp-json\/wp\/v2\/tags?post=386140"}],"curies":[{"name":"wp","href":"https:\/\/api.w.org\/{rel}","templated":true}]}}