{"id":38615,"date":"2025-04-20T10:11:08","date_gmt":"2025-04-20T10:11:08","guid":{"rendered":"https:\/\/www.europesays.com\/fr\/38615\/"},"modified":"2025-04-20T10:11:08","modified_gmt":"2025-04-20T10:11:08","slug":"colin-farrell-sur-sa-decision-difficile-de-faire-placer-son-fils-handicape","status":"publish","type":"post","link":"https:\/\/www.europesays.com\/fr\/38615\/","title":{"rendered":"Colin Farrell sur sa d\u00e9cision \u00abdifficile\u00bb de faire placer son fils handicap\u00e9"},"content":{"rendered":"<p>                             Par L\u00e9a Mabilon<\/p>\n<p>\n            Publi\u00e9<br \/>\n                le 19 avril 2025 \u00e0 18h03,<br \/>\n                 mis \u00e0 jour le 19 avril 2025 \u00e0 18h12<\/p>\n<p>    Colin Farrell \u00e0 la 31e c\u00e9r\u00e9monie annuelle des Screen Actors Guild Awards au Shrine Auditorium and Expo Hall de Los Angeles. (Californie, le 23 f\u00e9vrier 2025.)<br \/>\n                ABACA<\/p>\n<p>Tr\u00e8s discret sur sa vie priv\u00e9e, Colin Farrell s\u2019est confi\u00e9 dans le magazine Candis sur la d\u00e9cision difficile mais r\u00e9fl\u00e9chie qu\u2019il a prise avec son ex-compagne Kim Bordenave\u00a0: faire entrer leur fils James, atteint du syndrome d\u2019Angelman, dans une structure de soins sp\u00e9cialis\u00e9e.<\/p>\n<p class=\"fig-paragraph\"><a href=\"http:\/\/madame.lefigaro.fr\/celebrites\/actu-people\/la-tres-rare-apparition-de-colin-farrell-avec-son-fils-henry-14-ans-sur-le-tapis-rouge-de-new-york-20240918\" data-fig-type=\"Article\" data-gtm-custom-categorie=\"navigation\" data-gtm-custom-action=\"crossclick\" data-gtm-custom-label=\"Contextuel\" data-gtm-event=\"customEventSPE\" data-fig-domain=\"MADAME\" target=\"_blank\" rel=\"noopener\">Colin Farrell<\/a>\u00a0ne se confie que tr\u00e8s rarement sur sa vie de famille, et encore moins sur le handicap de son fils James, \u00e2g\u00e9 de 21 ans. Fruit de la romance entre l\u2019acteur et son ex-compagne Kim Bordenave, le jeune homme est atteint du syndrome d\u2019Angelman, une rare maladie d\u2019origine g\u00e9n\u00e9tique responsable d\u2019un d\u00e9ficit intellectuel et moteur s\u00e9v\u00e8re, de crises de rire fr\u00e9quentes et incontr\u00f4lables, d\u2019une absence de langage et d\u2019autres troubles. Dans une r\u00e9cente interview accord\u00e9e au magazine Candis, le com\u00e9dien de 48 ans a ainsi annonc\u00e9 sa volont\u00e9 de placer son enfant dans un centre de soins sp\u00e9cialis\u00e9. Une \u00abd\u00e9cision d\u00e9licate\u00bb, a-t-il d\u00e9clar\u00e9, mais \u00abn\u00e9cessaire\u00bb pour pouvoir offrir \u00e0 son fils un cadre de vie stable et s\u00e9curis\u00e9.<\/p>\n<p class=\"fig-paragraph\">\u00abMais ma terreur serait\u2026 Et si je fais une crise cardiaque demain\u00a0? Et si Kim a un accident de voiture\u00a0? Que deviendrait James\u00a0?\u00bb, a-t-il interrog\u00e9. \u00abIl deviendrait pupille de l\u2019\u00c9tat (soit sous la responsabilit\u00e9 de l\u2019\u00c9tat, NDLR). Notre famille n\u2019aurait plus son mot \u00e0 dire.\u00bb C\u2019est donc pour \u00e9viter ce sc\u00e9nario que les deux parents souhaitent choisir eux-m\u00eames le lieu o\u00f9 \u00abil pourra vivre heureux et o\u00f9 ils pourront lui rendre visite\u00bb.<\/p>\n<p class=\"fig-paragraph\">En ao\u00fbt 2024, le p\u00e8re de famille s\u2019\u00e9tait d\u00e9j\u00e0 exprim\u00e9 pour la premi\u00e8re fois sur la maladie de son fils, dans le cadre du lancement de sa fondation, la Colin Farrell Foundation, destin\u00e9e \u00e0 soutenir les adultes en situation de handicap. \u00abIl a fallu du temps avant de recevoir le bon diagnostic, avait-il d\u00e9clar\u00e9. Et d\u2019ajouter\u00a0: \u00abJ\u2019ai d\u00e9j\u00e0 d\u00fb lui administrer un s\u00e9datif en pleine crise, appeler les secours, monter \u00e0 l\u2019arri\u00e8re d\u2019une ambulance\u2026 Heureusement, il n\u2019en a plus fait depuis dix ou onze ans.\u00bb<\/p>\n<p class=\"fig-paragraph\">Il avait \u00e9galement \u00e9voqu\u00e9 le parcours de James\u00a0: de ses premiers mots \u00e0 six ans, \u00e0 la difficult\u00e9 pour lui de manger seul jusqu\u2019\u00e0 ses 19 ans, en passant par ses premiers pas, vers l\u2019\u00e2ge de 4 ans. \u00abJe me souviens de son regard, de sa d\u00e9termination. Il a fait six pas vers moi, et j\u2019ai \u00e9clat\u00e9 en larmes.\u00bb Colin Farrell s\u2019est dit \u00abtr\u00e8s fier de son fils, ayant travaill\u00e9 si dur toute sa vie\u00bb. Et de conclure\u00a0: \u00abIl a enrichi ma vie, mais je ne veux pas minimiser les \u00e9preuves que vivent tant de parents. Quand on \u00e9l\u00e8ve un enfant diff\u00e9rent, il est vital de savoir qu\u2019on n\u2019est pas seul.\u00bb<\/p>\n","protected":false},"excerpt":{"rendered":"Par L\u00e9a Mabilon Publi\u00e9 le 19 avril 2025 \u00e0 18h03, mis \u00e0 jour le 19 avril 2025 \u00e0&hellip;\n","protected":false},"author":2,"featured_media":38616,"comment_status":"","ping_status":"","sticky":false,"template":"","format":"standard","meta":{"footnotes":""},"categories":[8],"tags":[976,972,12121,58,59,638,1011,27,1943,977,226,973,975,974],"class_list":{"0":"post-38615","1":"post","2":"type-post","3":"status-publish","4":"format-standard","5":"has-post-thumbnail","7":"category-divertissement","8":"tag-actu-people","9":"tag-celebrite","10":"tag-colin-farrell","11":"tag-divertissement","12":"tag-entertainment","13":"tag-figaro","14":"tag-fr","15":"tag-france","16":"tag-handicap","17":"tag-madame","18":"tag-maladie","19":"tag-people","20":"tag-potain-de-stars","21":"tag-star"},"share_on_mastodon":{"url":"https:\/\/pubeurope.com\/@fr\/114369756163175633","error":""},"_links":{"self":[{"href":"https:\/\/www.europesays.com\/fr\/wp-json\/wp\/v2\/posts\/38615","targetHints":{"allow":["GET"]}}],"collection":[{"href":"https:\/\/www.europesays.com\/fr\/wp-json\/wp\/v2\/posts"}],"about":[{"href":"https:\/\/www.europesays.com\/fr\/wp-json\/wp\/v2\/types\/post"}],"author":[{"embeddable":true,"href":"https:\/\/www.europesays.com\/fr\/wp-json\/wp\/v2\/users\/2"}],"replies":[{"embeddable":true,"href":"https:\/\/www.europesays.com\/fr\/wp-json\/wp\/v2\/comments?post=38615"}],"version-history":[{"count":0,"href":"https:\/\/www.europesays.com\/fr\/wp-json\/wp\/v2\/posts\/38615\/revisions"}],"wp:featuredmedia":[{"embeddable":true,"href":"https:\/\/www.europesays.com\/fr\/wp-json\/wp\/v2\/media\/38616"}],"wp:attachment":[{"href":"https:\/\/www.europesays.com\/fr\/wp-json\/wp\/v2\/media?parent=38615"}],"wp:term":[{"taxonomy":"category","embeddable":true,"href":"https:\/\/www.europesays.com\/fr\/wp-json\/wp\/v2\/categories?post=38615"},{"taxonomy":"post_tag","embeddable":true,"href":"https:\/\/www.europesays.com\/fr\/wp-json\/wp\/v2\/tags?post=38615"}],"curies":[{"name":"wp","href":"https:\/\/api.w.org\/{rel}","templated":true}]}}