{"id":386153,"date":"2025-09-12T20:37:12","date_gmt":"2025-09-12T20:37:12","guid":{"rendered":"https:\/\/www.europesays.com\/fr\/386153\/"},"modified":"2025-09-12T20:37:12","modified_gmt":"2025-09-12T20:37:12","slug":"ligue-1-le-geste-genial-du-psg-pour-presnel-kimpembe","status":"publish","type":"post","link":"https:\/\/www.europesays.com\/fr\/386153\/","title":{"rendered":"Ligue 1, le geste g\u00e9nial du PSG pour Presnel Kimpembe"},"content":{"rendered":"<p data-testid=\"article-teaser\">Quelques jours apr\u00e8s avoir officialis\u00e9 son d\u00e9part, le PSG va offrir un dernier cadeau \u00e0 Presnel Kimpembe. <\/p>\n<p>Le Parc des Princes s\u2019appr\u00eate \u00e0 vibrer une derni\u00e8re fois pour l\u2019un de ses enfants les plus embl\u00e9matiques. Apr\u00e8s vingt ann\u00e9es pass\u00e9es au Paris Saint-Germain, Presnel Kimpembe va recevoir un hommage \u00e0 la hauteur de son parcours. \u00c0 l\u2019occasion de la r\u00e9ception de Lens, dimanche (17h15, 4e journ\u00e9e de Ligue 1), <a href=\"https:\/\/www.goal.com\/fr\/listes\/officiel-presnel-kimpembe-tire-une-croix-sur-le-psg\/blta1343bc17be8687d\" target=\"_self\" rel=\"noopener\">le d\u00e9fenseur de 30 ans, fra\u00eechement transf\u00e9r\u00e9 au Qatar SC<\/a>, sera c\u00e9l\u00e9br\u00e9 par son club de toujours et ses supporters, selon les informations de RMC Sport.<\/p>\n","protected":false},"excerpt":{"rendered":"Quelques jours apr\u00e8s avoir officialis\u00e9 son d\u00e9part, le PSG va offrir un dernier cadeau \u00e0 Presnel Kimpembe. Le&hellip;\n","protected":false},"author":2,"featured_media":386154,"comment_status":"","ping_status":"","sticky":false,"template":"","format":"standard","meta":{"footnotes":""},"categories":[1410],"tags":[63,1011,27,4253,66,51868,91,50429,60],"class_list":{"0":"post-386153","1":"post","2":"type-post","3":"status-publish","4":"format-standard","5":"has-post-thumbnail","7":"category-football","8":"tag-football","9":"tag-fr","10":"tag-france","11":"tag-lens","12":"tag-ligue-1","13":"tag-p-kimpembe","14":"tag-paris-saint-germain","15":"tag-paris-saint-germain-vs-lens","16":"tag-sports"},"share_on_mastodon":{"url":"https:\/\/pubeurope.com\/@fr\/115193252749391835","error":""},"_links":{"self":[{"href":"https:\/\/www.europesays.com\/fr\/wp-json\/wp\/v2\/posts\/386153","targetHints":{"allow":["GET"]}}],"collection":[{"href":"https:\/\/www.europesays.com\/fr\/wp-json\/wp\/v2\/posts"}],"about":[{"href":"https:\/\/www.europesays.com\/fr\/wp-json\/wp\/v2\/types\/post"}],"author":[{"embeddable":true,"href":"https:\/\/www.europesays.com\/fr\/wp-json\/wp\/v2\/users\/2"}],"replies":[{"embeddable":true,"href":"https:\/\/www.europesays.com\/fr\/wp-json\/wp\/v2\/comments?post=386153"}],"version-history":[{"count":0,"href":"https:\/\/www.europesays.com\/fr\/wp-json\/wp\/v2\/posts\/386153\/revisions"}],"wp:featuredmedia":[{"embeddable":true,"href":"https:\/\/www.europesays.com\/fr\/wp-json\/wp\/v2\/media\/386154"}],"wp:attachment":[{"href":"https:\/\/www.europesays.com\/fr\/wp-json\/wp\/v2\/media?parent=386153"}],"wp:term":[{"taxonomy":"category","embeddable":true,"href":"https:\/\/www.europesays.com\/fr\/wp-json\/wp\/v2\/categories?post=386153"},{"taxonomy":"post_tag","embeddable":true,"href":"https:\/\/www.europesays.com\/fr\/wp-json\/wp\/v2\/tags?post=386153"}],"curies":[{"name":"wp","href":"https:\/\/api.w.org\/{rel}","templated":true}]}}